{"id":14695,"date":"2024-10-25T09:14:45","date_gmt":"2024-10-25T06:14:45","guid":{"rendered":"https:\/\/gren.com\/ee\/?p=14695"},"modified":"2024-10-28T15:43:17","modified_gmt":"2024-10-28T13:43:17","slug":"margo-kulaots-uhe-ajastu-lopp","status":"publish","type":"post","link":"https:\/\/gren.com\/ee\/uudised\/margo-kulaots-uhe-ajastu-lopp\/","title":{"rendered":"Margo K\u00fclaots: \u00fche ajastu l\u00f5pp"},"content":{"rendered":"<style type=\"text\/css\">.page-hero{padding:140px 0 30px;position:relative}.page-hero-content{max-width:300px}.page-hero h4,.page-hero p{font-size:16px;font-weight:400;line-height:24px}.page-hero .date{margin-top:24px;color:#fff;font-size:20px}.page-hero-video-wrap{position:absolute;top:0;left:0;width:100%;height:100%;z-index:-1;overflow:hidden}.page-hero-video{width:100%;height:100%;object-fit:cover}@media(min-width: 576px){.page-hero-content{max-width:850px}}@media(min-width: 992px){.page-hero{padding:210px 0 64px}.page-hero h4,.page-hero p{font-size:24px;line-height:30px}}\n\n\/*# sourceMappingURL=block-page-hero.min.css.map*\/<\/style><section id=\"page-hero-block_3e011b499afb782170f9caa95086b9ac\" class=\"block page-hero\" style=\"background: url(https:\/\/grenweb01.blob.core.windows.net\/gren-web-prod\/sites\/4\/2024\/10\/Tartu-keskkatlamaja-korsten_Fotograaf_Signe-Oidekivi-scaled.jpg) no-repeat center\/cover\">\n\t<div class=\"container\"  data-block-animate>\n\t\t\t\t\t<div class=\"page-hero-content text-wrap\"  data-animate-part>\n\t\t\t\t<h1><span style=\"color: #9cbbba\">Margo K\u00fclaots Tartu Postimehes: Tartu keskkatlamaja korstna langemine t\u00e4histab \u00fche ajastu l\u00f5ppu<\/span><\/h1>\n\n                <div class=\"date\">25.10.24<\/div>\t\t\t<\/div>\n\t\t\t<\/div>\n<\/section>\n\n<style type=\"text\/css\">.full-width-written-content p>a{font-weight:700}\n\n\/*# sourceMappingURL=block-full-width-written-content.min.css.map*\/<\/style><section id=\"full-width-written-content-block_ad669f23f10ad314469c5dc53eb720ff\" class=\"block full-width-written-content\">\n\t<div class=\"container\" data-block-animate>\n\t\t<div class=\"text-wrap\" data-animate-part><h6>Tartu keskkatlamaja korstna langemine m\u00f5ned p\u00e4evad tagasi t\u00e4histab \u00fche ajastu l\u00f5ppu ning pakub sobiva hetke heita pilk Tartu linna energiamajanduse ja linnaruumi arengule viimastel aastak\u00fcmnetel. Tegemist pole vaid visuaalse muutusega linnapildis, see on ka m\u00e4rk s\u00fcgavamatest muutustest, mis said alguse juba 1992. aastal, mil k\u00fctusekriisi tingimustes otsustati viia Tartu linna kaugk\u00fcte \u00fcle kohalikele k\u00fctustele \u2013 puidule ja turbale. Toona v\u00f5imaldas see loobuda v\u00e4lismaistest k\u00fctustest ja kindlustada t\u00f6\u00f6 kohalikule elanikkonnale.<\/h6>\n<p>1960-ndatel aastatel, mil elamuehitus Tartus hoogustus ja tekkis vajadus uute hoonete k\u00fctmiseks uutel viisidel, rajati Turu t\u00e4navale tolle aja kohta v\u00f5imas katlamaja. V\u00e4ikesed kivis\u00fctt p\u00f5letanud katlamajad kadusid aastatega, ja keskkonnareostus v\u00e4henes silmn\u00e4htavalt \u2013 80-ndatel muutus Tartu lumi valgemaks. 1990-ndatel k\u00e4ivitatud kohalike k\u00fctuste programm ning soojamajanduse erastamine olid olulised verstapostid, mis panid aluse t\u00e4nase Tartu kaugk\u00fctte ja kaugjahutuse arengule. T\u00e4na on Tartu kaugk\u00fctte- ja jahutuss\u00fcsteem Balti riikide \u00fcks kaasaegsemaid. Oleme n\u00e4inud biok\u00fctust kasutava koostootmisjaama, Baltimaade esimeste kaugjahutusjaamade ja Eesti esimese suuremahulise soojussalvesti rajamist \u2013 need k\u00f5ik on muutnud Tartu energiamajanduse taastuvenergiale orienteerituks. T\u00e4na toodetakse 95 protsenti Tartu soojusest taastuvatest allikatest, sealhulgas biok\u00fctusest ja heitsoojusest. Ka aasta tagasi kasutusele v\u00f5etud soojussalvesti on aidanud fossiilse gaasi osakaalu veelgi v\u00e4hendada.<\/p>\n<p>Tartus ellu viidud projektid on p\u00e4lvinud ka rahvusvahelist t\u00e4helepanu. 2017. aastal tunnustati tehtud t\u00f6\u00f6d <em>Global District Energy Climate Awards<\/em> auhinnaga, mis t\u00f5stis esile taastuvenergia kasutuselev\u00f5tu, kaugloetavad arvestid ja kaugjahutuse v\u00f5rgustiku. T\u00e4nu nendele uuendustele on Tartu linna elanike k\u00fcttearved Eesti keskmisest palju madalamad. Kuid kogu selle tehnoloogilise arengu k\u00f5rval kadus j\u00e4rk-j\u00e4rgult vajadus ka Turu t\u00e4nava katlamaja j\u00e4rele. Selle tegevus l\u00f5petati juba k\u00fcmme aastat tagasi, ja 2023. aasta suvel lammutati ka hoone ise. Vaid 90-meetrine \u00fcksikuna seisev korsten j\u00e4i alles.<\/p>\n<p>Katlamaja ja selle viimase maam\u00e4rgi, korstna, kadumine toob kaasa olulise muutuse Tartu linnaruumis. N\u00f5ukogude ajal oli Turu t\u00e4nav pigem t\u00f6\u00f6stusala ja r\u00e4\u00e4mas j\u00e4\u00e4tmaa. V\u00f5ib tunduda uskumatu, aga veel 90-ndatel puudus Turu t\u00e4naval k\u00f5nnitee, oli lihtsalt porine ja suurte lompidega teepeenar. T\u00e4na on Turu t\u00e4nava \u00fcmbrus l\u00e4bimas suurt muutust. Endised t\u00f6\u00f6stusalad nii meil kui mujal on muutumas elukeskkonnaks, kohaks, kuhu inimesed on oodatud. Heaks n\u00e4iteks on Aparaaditehas ja Tartu \u00dclikooli Delta \u00f5ppehoone, mis on toonud elu ja d\u00fcnaamika tagasi vanadesse t\u00f6\u00f6stuspiirkondadesse. N\u00fc\u00fcd, mil Turu t\u00e4nava piirkonda planeeritakse uusi elamuid ja j\u00f5e-\u00e4\u00e4rne ala taasavatakse linlastele, on selge, et Tartu kesklinn muutub veelgi kompaktsemaks ja elavamaks.<\/p>\n<p>Kuuek\u00fcmne aastaga on palju muutunud. Kui varem tehti suuri infrastruktuuri puudutavaid otsuseid laiaulatusliku avaliku aruteluta, siis t\u00e4nap\u00e4eval on kogukonna kaasamine linnaplaneerimisse loomulik osa demokraatlikust protsessist. Me k\u00f5ik soovime, et Tartu linn oleks j\u00e4tkusuutlik elupaik, kus mugavaks eluks vajalikud s\u00fcsteemid t\u00f6\u00f6tavad t\u00f5husalt ja asuvad tarbijatele l\u00e4hedal.<\/p>\n<p>Sellise elukeskkonna loomine n\u00f5uab head planeerimist ning oskust kasutada maksimaalselt \u00e4ra juba olemasolevaid v\u00f5imalusi, n\u00e4iteks koguda kaugk\u00fctte tootmiseks kokku t\u00f6\u00f6stusprotsessides tekkiv heitsoojus, paigaldada juba energiatootmise kasutuses olevatele aladele uusi efektiivseid tootmisseadmeid ja rajada salvestusv\u00f5imekust v\u00f5i leida ruumi kaugk\u00fctte- ja jahutusv\u00f5rgu edasiarendamiseks. Grenil on olemas vajalikud ressursid, pikaajalised kogemused ja piisavalt leidlikkust, et koost\u00f6\u00f6s Tartu linna ja kogukonnaga tulevikku suunatud energiateenuseid j\u00e4tkuvalt edasi arendada.<\/p>\n<p>Arvamusartikkel ilmus 25.10.2024 Tartu Postimehes: <a href=\"https:\/\/tartu.postimees.ee\/8121453\/margo-kulaots-uhe-ajastu-lopp\">Margo K\u00fclaots: \u00fche ajastu l\u00f5pp.<\/a><\/p>\n<p>Foto: Signe Oidekivi<\/p>\n<\/div>\t<\/div>\n<\/section>","protected":false},"excerpt":{"rendered":"","protected":false},"author":22,"featured_media":14696,"comment_status":"closed","ping_status":"closed","sticky":false,"template":"","format":"standard","meta":{"_acf_changed":false,"footnotes":""},"categories":[1],"tags":[9,8,6,10],"class_list":["post-14695","post","type-post","status-publish","format-standard","has-post-thumbnail","hentry","category-uudised","tag-gren","tag-kaugkute","tag-kuttevork","tag-tartu"],"acf":[],"yoast_head":"<!-- This site is optimized with the Yoast SEO plugin v26.8 - https:\/\/yoast.com\/product\/yoast-seo-wordpress\/ -->\n<title>Margo K\u00fclaots: \u00fche ajastu l\u00f5pp - Gren Eesti<\/title>\n<meta name=\"robots\" content=\"index, follow, max-snippet:-1, max-image-preview:large, max-video-preview:-1\" \/>\n<link rel=\"canonical\" href=\"https:\/\/gren.com\/ee\/uudised\/margo-kulaots-uhe-ajastu-lopp\/\" \/>\n<meta property=\"og:locale\" content=\"en_US\" \/>\n<meta property=\"og:type\" content=\"article\" \/>\n<meta property=\"og:title\" content=\"Margo K\u00fclaots: \u00fche ajastu l\u00f5pp - Gren Eesti\" \/>\n<meta property=\"og:url\" content=\"https:\/\/gren.com\/ee\/uudised\/margo-kulaots-uhe-ajastu-lopp\/\" \/>\n<meta property=\"og:site_name\" content=\"Gren Eesti\" \/>\n<meta property=\"article:published_time\" content=\"2024-10-25T06:14:45+00:00\" \/>\n<meta property=\"article:modified_time\" content=\"2024-10-28T13:43:17+00:00\" \/>\n<meta property=\"og:image\" content=\"https:\/\/grenweb01.blob.core.windows.net\/gren-web-prod\/sites\/4\/2024\/10\/Tartu-keskkatlamaja-korsten_Fotograaf_Signe-Oidekivi-scaled.jpg\" \/>\n\t<meta property=\"og:image:width\" content=\"2560\" \/>\n\t<meta property=\"og:image:height\" content=\"1707\" \/>\n\t<meta property=\"og:image:type\" content=\"image\/jpeg\" \/>\n<meta name=\"author\" content=\"mailis\" \/>\n<meta name=\"twitter:card\" content=\"summary_large_image\" \/>\n<meta name=\"twitter:label1\" content=\"Written by\" \/>\n\t<meta name=\"twitter:data1\" content=\"mailis\" \/>\n\t<meta name=\"twitter:label2\" content=\"Est. reading time\" \/>\n\t<meta name=\"twitter:data2\" content=\"3 minutes\" \/>\n<script type=\"application\/ld+json\" class=\"yoast-schema-graph\">{\"@context\":\"https:\/\/schema.org\",\"@graph\":[{\"@type\":\"Article\",\"@id\":\"https:\/\/gren.com\/ee\/uudised\/margo-kulaots-uhe-ajastu-lopp\/#article\",\"isPartOf\":{\"@id\":\"https:\/\/gren.com\/ee\/uudised\/margo-kulaots-uhe-ajastu-lopp\/\"},\"author\":{\"name\":\"mailis\",\"@id\":\"https:\/\/gren.com\/ee\/#\/schema\/person\/4a4ae0507665c47bc634dcfed2caf515\"},\"headline\":\"Margo K\u00fclaots: \u00fche ajastu l\u00f5pp\",\"datePublished\":\"2024-10-25T06:14:45+00:00\",\"dateModified\":\"2024-10-28T13:43:17+00:00\",\"mainEntityOfPage\":{\"@id\":\"https:\/\/gren.com\/ee\/uudised\/margo-kulaots-uhe-ajastu-lopp\/\"},\"wordCount\":7,\"image\":{\"@id\":\"https:\/\/gren.com\/ee\/uudised\/margo-kulaots-uhe-ajastu-lopp\/#primaryimage\"},\"thumbnailUrl\":\"https:\/\/grenweb01.blob.core.windows.net\/gren-web-prod\/sites\/4\/2024\/10\/Tartu-keskkatlamaja-korsten_Fotograaf_Signe-Oidekivi-scaled.jpg\",\"keywords\":[\"gren\",\"kaugk\u00fcte\",\"k\u00fcttev\u00f5rk\",\"tartu\"],\"articleSection\":[\"Uudised\"],\"inLanguage\":\"en-US\"},{\"@type\":\"WebPage\",\"@id\":\"https:\/\/gren.com\/ee\/uudised\/margo-kulaots-uhe-ajastu-lopp\/\",\"url\":\"https:\/\/gren.com\/ee\/uudised\/margo-kulaots-uhe-ajastu-lopp\/\",\"name\":\"Margo K\u00fclaots: \u00fche ajastu l\u00f5pp - Gren Eesti\",\"isPartOf\":{\"@id\":\"https:\/\/gren.com\/ee\/#website\"},\"primaryImageOfPage\":{\"@id\":\"https:\/\/gren.com\/ee\/uudised\/margo-kulaots-uhe-ajastu-lopp\/#primaryimage\"},\"image\":{\"@id\":\"https:\/\/gren.com\/ee\/uudised\/margo-kulaots-uhe-ajastu-lopp\/#primaryimage\"},\"thumbnailUrl\":\"https:\/\/grenweb01.blob.core.windows.net\/gren-web-prod\/sites\/4\/2024\/10\/Tartu-keskkatlamaja-korsten_Fotograaf_Signe-Oidekivi-scaled.jpg\",\"datePublished\":\"2024-10-25T06:14:45+00:00\",\"dateModified\":\"2024-10-28T13:43:17+00:00\",\"author\":{\"@id\":\"https:\/\/gren.com\/ee\/#\/schema\/person\/4a4ae0507665c47bc634dcfed2caf515\"},\"breadcrumb\":{\"@id\":\"https:\/\/gren.com\/ee\/uudised\/margo-kulaots-uhe-ajastu-lopp\/#breadcrumb\"},\"inLanguage\":\"en-US\",\"potentialAction\":[{\"@type\":\"ReadAction\",\"target\":[\"https:\/\/gren.com\/ee\/uudised\/margo-kulaots-uhe-ajastu-lopp\/\"]}]},{\"@type\":\"ImageObject\",\"inLanguage\":\"en-US\",\"@id\":\"https:\/\/gren.com\/ee\/uudised\/margo-kulaots-uhe-ajastu-lopp\/#primaryimage\",\"url\":\"https:\/\/grenweb01.blob.core.windows.net\/gren-web-prod\/sites\/4\/2024\/10\/Tartu-keskkatlamaja-korsten_Fotograaf_Signe-Oidekivi-scaled.jpg\",\"contentUrl\":\"https:\/\/grenweb01.blob.core.windows.net\/gren-web-prod\/sites\/4\/2024\/10\/Tartu-keskkatlamaja-korsten_Fotograaf_Signe-Oidekivi-scaled.jpg\",\"width\":2560,\"height\":1707},{\"@type\":\"BreadcrumbList\",\"@id\":\"https:\/\/gren.com\/ee\/uudised\/margo-kulaots-uhe-ajastu-lopp\/#breadcrumb\",\"itemListElement\":[{\"@type\":\"ListItem\",\"position\":1,\"name\":\"Home\",\"item\":\"https:\/\/gren.com\/ee\/\"},{\"@type\":\"ListItem\",\"position\":2,\"name\":\"Margo K\u00fclaots: \u00fche ajastu l\u00f5pp\"}]},{\"@type\":\"WebSite\",\"@id\":\"https:\/\/gren.com\/ee\/#website\",\"url\":\"https:\/\/gren.com\/ee\/\",\"name\":\"Gren Eesti\",\"description\":\"Me oleme rohelise energia ettev\u00f5te\",\"potentialAction\":[{\"@type\":\"SearchAction\",\"target\":{\"@type\":\"EntryPoint\",\"urlTemplate\":\"https:\/\/gren.com\/ee\/?s={search_term_string}\"},\"query-input\":{\"@type\":\"PropertyValueSpecification\",\"valueRequired\":true,\"valueName\":\"search_term_string\"}}],\"inLanguage\":\"en-US\"},{\"@type\":\"Person\",\"@id\":\"https:\/\/gren.com\/ee\/#\/schema\/person\/4a4ae0507665c47bc634dcfed2caf515\",\"name\":\"mailis\"}]}<\/script>\n<!-- \/ Yoast SEO plugin. -->","yoast_head_json":{"title":"Margo K\u00fclaots: \u00fche ajastu l\u00f5pp - Gren Eesti","robots":{"index":"index","follow":"follow","max-snippet":"max-snippet:-1","max-image-preview":"max-image-preview:large","max-video-preview":"max-video-preview:-1"},"canonical":"https:\/\/gren.com\/ee\/uudised\/margo-kulaots-uhe-ajastu-lopp\/","og_locale":"en_US","og_type":"article","og_title":"Margo K\u00fclaots: \u00fche ajastu l\u00f5pp - Gren Eesti","og_url":"https:\/\/gren.com\/ee\/uudised\/margo-kulaots-uhe-ajastu-lopp\/","og_site_name":"Gren Eesti","article_published_time":"2024-10-25T06:14:45+00:00","article_modified_time":"2024-10-28T13:43:17+00:00","og_image":[{"width":2560,"height":1707,"url":"https:\/\/grenweb01.blob.core.windows.net\/gren-web-prod\/sites\/4\/2024\/10\/Tartu-keskkatlamaja-korsten_Fotograaf_Signe-Oidekivi-scaled.jpg","type":"image\/jpeg"}],"author":"mailis","twitter_card":"summary_large_image","twitter_misc":{"Written by":"mailis","Est. reading time":"3 minutes"},"schema":{"@context":"https:\/\/schema.org","@graph":[{"@type":"Article","@id":"https:\/\/gren.com\/ee\/uudised\/margo-kulaots-uhe-ajastu-lopp\/#article","isPartOf":{"@id":"https:\/\/gren.com\/ee\/uudised\/margo-kulaots-uhe-ajastu-lopp\/"},"author":{"name":"mailis","@id":"https:\/\/gren.com\/ee\/#\/schema\/person\/4a4ae0507665c47bc634dcfed2caf515"},"headline":"Margo K\u00fclaots: \u00fche ajastu l\u00f5pp","datePublished":"2024-10-25T06:14:45+00:00","dateModified":"2024-10-28T13:43:17+00:00","mainEntityOfPage":{"@id":"https:\/\/gren.com\/ee\/uudised\/margo-kulaots-uhe-ajastu-lopp\/"},"wordCount":7,"image":{"@id":"https:\/\/gren.com\/ee\/uudised\/margo-kulaots-uhe-ajastu-lopp\/#primaryimage"},"thumbnailUrl":"https:\/\/grenweb01.blob.core.windows.net\/gren-web-prod\/sites\/4\/2024\/10\/Tartu-keskkatlamaja-korsten_Fotograaf_Signe-Oidekivi-scaled.jpg","keywords":["gren","kaugk\u00fcte","k\u00fcttev\u00f5rk","tartu"],"articleSection":["Uudised"],"inLanguage":"en-US"},{"@type":"WebPage","@id":"https:\/\/gren.com\/ee\/uudised\/margo-kulaots-uhe-ajastu-lopp\/","url":"https:\/\/gren.com\/ee\/uudised\/margo-kulaots-uhe-ajastu-lopp\/","name":"Margo K\u00fclaots: \u00fche ajastu l\u00f5pp - Gren Eesti","isPartOf":{"@id":"https:\/\/gren.com\/ee\/#website"},"primaryImageOfPage":{"@id":"https:\/\/gren.com\/ee\/uudised\/margo-kulaots-uhe-ajastu-lopp\/#primaryimage"},"image":{"@id":"https:\/\/gren.com\/ee\/uudised\/margo-kulaots-uhe-ajastu-lopp\/#primaryimage"},"thumbnailUrl":"https:\/\/grenweb01.blob.core.windows.net\/gren-web-prod\/sites\/4\/2024\/10\/Tartu-keskkatlamaja-korsten_Fotograaf_Signe-Oidekivi-scaled.jpg","datePublished":"2024-10-25T06:14:45+00:00","dateModified":"2024-10-28T13:43:17+00:00","author":{"@id":"https:\/\/gren.com\/ee\/#\/schema\/person\/4a4ae0507665c47bc634dcfed2caf515"},"breadcrumb":{"@id":"https:\/\/gren.com\/ee\/uudised\/margo-kulaots-uhe-ajastu-lopp\/#breadcrumb"},"inLanguage":"en-US","potentialAction":[{"@type":"ReadAction","target":["https:\/\/gren.com\/ee\/uudised\/margo-kulaots-uhe-ajastu-lopp\/"]}]},{"@type":"ImageObject","inLanguage":"en-US","@id":"https:\/\/gren.com\/ee\/uudised\/margo-kulaots-uhe-ajastu-lopp\/#primaryimage","url":"https:\/\/grenweb01.blob.core.windows.net\/gren-web-prod\/sites\/4\/2024\/10\/Tartu-keskkatlamaja-korsten_Fotograaf_Signe-Oidekivi-scaled.jpg","contentUrl":"https:\/\/grenweb01.blob.core.windows.net\/gren-web-prod\/sites\/4\/2024\/10\/Tartu-keskkatlamaja-korsten_Fotograaf_Signe-Oidekivi-scaled.jpg","width":2560,"height":1707},{"@type":"BreadcrumbList","@id":"https:\/\/gren.com\/ee\/uudised\/margo-kulaots-uhe-ajastu-lopp\/#breadcrumb","itemListElement":[{"@type":"ListItem","position":1,"name":"Home","item":"https:\/\/gren.com\/ee\/"},{"@type":"ListItem","position":2,"name":"Margo K\u00fclaots: \u00fche ajastu l\u00f5pp"}]},{"@type":"WebSite","@id":"https:\/\/gren.com\/ee\/#website","url":"https:\/\/gren.com\/ee\/","name":"Gren Eesti","description":"Me oleme rohelise energia ettev\u00f5te","potentialAction":[{"@type":"SearchAction","target":{"@type":"EntryPoint","urlTemplate":"https:\/\/gren.com\/ee\/?s={search_term_string}"},"query-input":{"@type":"PropertyValueSpecification","valueRequired":true,"valueName":"search_term_string"}}],"inLanguage":"en-US"},{"@type":"Person","@id":"https:\/\/gren.com\/ee\/#\/schema\/person\/4a4ae0507665c47bc634dcfed2caf515","name":"mailis"}]}},"_links":{"self":[{"href":"https:\/\/gren.com\/ee\/wp-json\/wp\/v2\/posts\/14695","targetHints":{"allow":["GET"]}}],"collection":[{"href":"https:\/\/gren.com\/ee\/wp-json\/wp\/v2\/posts"}],"about":[{"href":"https:\/\/gren.com\/ee\/wp-json\/wp\/v2\/types\/post"}],"author":[{"embeddable":true,"href":"https:\/\/gren.com\/ee\/wp-json\/wp\/v2\/users\/22"}],"replies":[{"embeddable":true,"href":"https:\/\/gren.com\/ee\/wp-json\/wp\/v2\/comments?post=14695"}],"version-history":[{"count":18,"href":"https:\/\/gren.com\/ee\/wp-json\/wp\/v2\/posts\/14695\/revisions"}],"predecessor-version":[{"id":14714,"href":"https:\/\/gren.com\/ee\/wp-json\/wp\/v2\/posts\/14695\/revisions\/14714"}],"wp:featuredmedia":[{"embeddable":true,"href":"https:\/\/gren.com\/ee\/wp-json\/wp\/v2\/media\/14696"}],"wp:attachment":[{"href":"https:\/\/gren.com\/ee\/wp-json\/wp\/v2\/media?parent=14695"}],"wp:term":[{"taxonomy":"category","embeddable":true,"href":"https:\/\/gren.com\/ee\/wp-json\/wp\/v2\/categories?post=14695"},{"taxonomy":"post_tag","embeddable":true,"href":"https:\/\/gren.com\/ee\/wp-json\/wp\/v2\/tags?post=14695"}],"curies":[{"name":"wp","href":"https:\/\/api.w.org\/{rel}","templated":true}]}}