{"id":16608,"date":"2025-09-16T12:02:47","date_gmt":"2025-09-16T09:02:47","guid":{"rendered":"https:\/\/gren.com\/ee\/?p=16608"},"modified":"2025-09-16T12:02:48","modified_gmt":"2025-09-16T09:02:48","slug":"kohtla-jarve-ja-johvi-lahevad-uuele-kuttehooajale-vastu-vana-hinnaga","status":"publish","type":"post","link":"https:\/\/gren.com\/ee\/uudised\/kohtla-jarve-ja-johvi-lahevad-uuele-kuttehooajale-vastu-vana-hinnaga\/","title":{"rendered":"Kohtla-J\u00e4rve ja J\u00f5hvi l\u00e4hevad uuele k\u00fcttehooajale vastu vana hinnaga"},"content":{"rendered":"<style type=\"text\/css\">.page-hero{padding:140px 0 30px;position:relative}.page-hero-content{max-width:300px}.page-hero h4,.page-hero p{font-size:16px;font-weight:400;line-height:24px}.page-hero .date{margin-top:24px;color:#fff;font-size:20px}.page-hero-video-wrap{position:absolute;top:0;left:0;width:100%;height:100%;z-index:-1;overflow:hidden}.page-hero-video{width:100%;height:100%;object-fit:cover}@media(min-width: 576px){.page-hero-content{max-width:850px}}@media(min-width: 992px){.page-hero{padding:210px 0 64px}.page-hero h4,.page-hero p{font-size:24px;line-height:30px}}\n\n\/*# sourceMappingURL=block-page-hero.min.css.map*\/<\/style><section id=\"page-hero-block_90c0c7f70a8f51f7f10f5e0726d01afb\" class=\"block page-hero\" style=\"background: url(https:\/\/grenweb01.blob.core.windows.net\/gren-web-prod\/sites\/4\/2024\/01\/hero-bg-1.jpg) no-repeat center\/cover\">\n\t<div class=\"container\"  data-block-animate>\n\t\t\t\t\t<div class=\"page-hero-content text-wrap\"  data-animate-part>\n\t\t\t\t<h1><span style=\"color: #ffffff\">Kohtla-J\u00e4rve ja J\u00f5hvi l\u00e4hevad uuele k\u00fcttehooajale vastu vana hinnaga<\/span><\/h1>\n\n                <div class=\"date\">16.09.25<\/div>\t\t\t<\/div>\n\t\t\t<\/div>\n<\/section>\n\n<style type=\"text\/css\">.full-width-written-content p>a{font-weight:700}\n\n\/*# sourceMappingURL=block-full-width-written-content.min.css.map*\/<\/style><section id=\"full-width-written-content-block_3c1d2c48526ec3234e591d6488676f9e\" class=\"block full-width-written-content\">\n\t<div class=\"container\" data-block-animate>\n\t\t<div class=\"text-wrap\" data-animate-part><h4>Kohtla-J\u00e4rve ja J\u00f5hvi piirkonna kaugk\u00fctte tarbijatele on v\u00f5rguettev\u00f5tte\u00a0Gren\u00a0Viru tegevjuhil Andres\u00a0Klaasm\u00e4gil\u00a0hea s\u00f5num: soojusenergia hind j\u00e4\u00e4b siin Eesti \u00fcheks odavamaks ka peagi algaval k\u00fcttehooajal.<\/h4>\n<p>T\u00e4ispikkuses lugu ilmus ajalehes <a href=\"https:\/\/pohjarannik.postimees.ee\/8323055\/kohtla-jarve-ja-johvi-lahevad-uuele-kuttehooajale-vastu-vana-hinnaga\">P\u00f5hjarannik 13. septembril 2025<\/a>.<\/p>\n<p><strong>Millised on uue k\u00fctteperioodi hakul praegu teie p\u00f5hilised t\u00f6\u00f6d?<\/strong><\/p>\n<p>Suvel tehtud v\u00f5rgukatsetustega oleme v\u00e4lja selgitanud n\u00f5rgad kohad. N\u00fc\u00fcd teeme remonte ja lapime lekkeid. Hooldame v\u00f5rgupumpasid. Vaatame \u00fcle ka oma seadmed tipu- ja reservkatlamajas. Need on iga-aastased regulaarsed t\u00f6\u00f6d, et k\u00fctteperiood algaks ja toimiks t\u00f5rgeteta.<\/p>\n<p>Kuna sel aastal lisandusid meile Kohtla-J\u00e4rve Sompa linnaosa tarbijad, siis tegeleme ka nende ja sealse v\u00f5rguga.<\/p>\n<p><strong>Mida t\u00f5i Sompa liitmine Gren\u00a0Virule ja mida sealsetele tarbijatele?<\/strong><\/p>\n<p>Meile t\u00f5i see juurde kliente ja natuke ka t\u00f6\u00f6koormust. Aga meil on klientide haldamise kogemus olemas ja saame hakkama.<\/p>\n<p>Samas said Sompa inimesed varasemast tunduvalt v\u00e4iksema k\u00fcttehinna. See ei ole t\u00e4nasel p\u00e4eval sugugi tavaline, et midagi ka odavamaks l\u00e4heb. Aga Sompa inimestele saab see kaugk\u00fctte puhul osaks.<\/p>\n<p>Kokku on Gren Virul n\u00fc\u00fcdseks 1800 klienti, kellest enamiku moodustavad korteri\u00fchistud. Meie kaudu j\u00f5uab soojusenergia rohkem kui 30 000 inimeseni. Suurtarbijatest on \u00fched suuremad n\u00e4iteks Ida-Viru keskhaigla ja Viru vangla.<\/p>\n<p><strong>Kuidas on majanduslangus ja maksut\u00f5usud m\u00f5jutanud tarbijate maksev\u00f5imet?<\/strong><\/p>\n<p>Need m\u00f5jud avaldusid tugevamalt eelmisel aastal, mil maksek\u00e4itumine oli varasemast natukene kehvem. Sel aastal olid v\u00f5lgnevused v\u00e4iksemad. Valdavas osas ehk \u00fcle 99 protsendi on meil v\u00e4ga head kliendid, kes maksavad \u00f5igel ajal oma arved \u00e4ra.<\/p>\n<p>Hoiame seda joont, et enne uue k\u00fcttehooaja algust tuleb vanad v\u00f5lgnevused tasuda. Kliendid teavad meie n\u00f5udmisi ning isegi need, kes j\u00e4\u00e4vad kevadel meile v\u00f5lgu, tasuvad suve jooksul v\u00f5lgnevused.<\/p>\n<p><strong>Kas arvete tasumisega on probleeme eelk\u00f5ige nendel \u00fchistutel, kus on palju kortereid, milles alaliselt keegi ei ela, ja nende omanikelt on keeruline raha k\u00e4tte saada?<\/strong><\/p>\n<p>T\u00e4pselt nii see on. Osa t\u00fchje kortereid kuuluvad ka venemaalastele, kes ei maksa. Saame aru, et \u00fchistutel tuleb sellistel puhkudel vaeva n\u00e4ha, et raha kokku saada, ning oleme selleks ka suvekuudel aega andnud.<\/p>\n<p>Aga summaarne v\u00f5lgnevus on ikkagi praegu tunduvalt v\u00e4iksem, kui oli n\u00e4iteks kuus-seitse aastat tagasi. Selle \u00fcle on hea meel ning olen t\u00e4nulik klientidele, et nad hindavad meie teenust ja tasuvad arveid \u00f5igel ajal.<\/p>\n<p><strong>Kohtla-J\u00e4rve ja J\u00f5hvi piirkonnas on kaugk\u00fctte hind \u00fcks odavamaid Eestis. T\u00e4nu millele on see v\u00f5imalik?<\/strong><\/p>\n<p>Peamine faktor on see, et me ostame soojusenergiat VKG Energiast ning suurem osa sellest on toodetud uttegaasist, mis on p\u00f5levkivi\u00f5li tootmisel eralduv j\u00e4\u00e4kprodukt. Viimastel aastatel on selle keskmine osakaal olnud \u00fcle 97 protsendi.<\/p>\n<p>Kuna sisseostetava soojusenergia hind on olnud stabiilne, oleme suutnud ka meie oma hinda stabiilsena hoida. Kui n\u00e4iteks 2013. aastal maksis megavatt-tund meie klientidele 55,22 eurot k\u00e4ibemaksuta, siis praegu on see 62,78 eurot. Ehk 12 aasta jooksul on hind t\u00f5usnud vaid veidi \u00fcle 13 protsendi.<\/p>\n<p>Praegune hind on kehtinud ligemale kolm aastat ja mulle teadaolevalt ei ole see praegu muutumas.<\/p>\n<p><strong>Te ei ole konkurentsiametile hinnat\u00f5usu taotlust esitanud?<\/strong><\/p>\n<p>Ei ole meie ega ka VKG. Kuna muud kulud on kontrolli all, siis l\u00e4heme uuele k\u00fcttehooajale vastu sama hinnaga, mis on kehtinud mitu aastat. See on oluliselt v\u00e4iksem hind kui enamikus teistes Eesti linnades.<\/p>\n<p><strong>Kui peaks tulema v\u00e4ga k\u00fclm talv, siis tipukoormuse katmiseks peate t\u00f6\u00f6le panema ka maagaasi p\u00f5letava Ahtme jaama, kus soojuse tootmine on tunduvalt kallim. Kuidas see hinda m\u00f5jutab?<\/strong><\/p>\n<p>Maagaasist soojuse tootmine on ligikaudu kaks korda kallim. Aga selle osakaal ei ole tervet k\u00fcttehooaega vaadates kuigi drastiline. N\u00e4iteks \u00fcle-eelmisel aastal t\u00f6\u00f6tas Ahtme gaasikatlamaja jaanuaris kolm n\u00e4dalat, aga tarbijale see hinda ei m\u00f5jutanud. Konkurentsiameti kinnitatud hinnavalemis sisaldub ka maagaasi osa. \u00dchel aastal kasutame seda v\u00e4hem, teisel natuke rohkem. Kokkuv\u00f5ttes tasakaalustavad erinevad talved selle \u00e4ra.<\/p>\n<p>Praegu, mil VKG varustab meid soojusenergiaga, peaks juhtuma midagi erakorralist, et meil tuleks suurendada maagaasi kasutamist nii palju, et see hinda m\u00f5jutaks.<\/p>\n<p><strong>Pikemalt tulevikku vaadates on olemas oht, et kliimapoliitiliste otsustega v\u00f5idakse p\u00f5levkivi\u00f5li tootmine \u00fchel p\u00e4eval surnuks maksustada. Milline plaan on teil selliseks olukorraks, et oma kliente m\u00f5istliku hinnaga soojusenergiaga kindlustada?<\/strong><\/p>\n<p>Muidugi me m\u00f5tleme ka sellele, aga VKG on meile kinnitanud praegu teadaolevate regulatsioonide ja otsuste valguses, et p\u00f5levkivi\u00f5li lubatakse toota v\u00e4hemalt 2040. aastani. VKG on avamas ka uut kaevandust selle perspektiiviga, et \u00f5litehased saaksid nii kaua t\u00f6\u00f6tada.<\/p>\n<p>Juhul kui peame mingitel erakorralistel p\u00f5hjustel varem loobuma heitsoojuse kasutamisest, siis peame hakkama m\u00f5tlema biok\u00fctusel t\u00f6\u00f6tava koostootmisjaama rajamisele. Ahtme gaasikatlamaja kataks k\u00fcll suuremal osal aastast meie klientide vajaduse, kuid selle hind kujuneks juhul, kui see j\u00e4\u00e4ks p\u00f5hitootmise allikaks, praegusega v\u00f5rreldes oluliselt kallimaks.<\/p>\n<p>Oleme m\u00f5elnud varuvariantidele ja meil on piisavalt aega reageerida.<\/p>\n<p><strong>Kuidas olete valmis selleks, kui piirkonda peaks tulema juurde uusi ettev\u00f5tteid ja suuremaid asutusi, mis vajavad suuremas mahus ka soojusenergiat?<\/strong><\/p>\n<p>Pingutame selle nimel, et meiega saaksid liituda uued kliendid. Hea n\u00e4ide on J\u00f5hvi \u00e4ripargi areng ja sinna ka filmilinnaku rajamine. Tegime \u00fcsna suure investeeringu ja rajame ka mitu kilomeetrit uusi torusid, et soojusenergia sinna j\u00f5uaks. Saame seal juba praegu, aga ka tulevikus tegutsema asuvatele klientidele pakkuda hea hinnaga kaugk\u00fctet. Selleks ongi sel suvel k\u00e4inud meil ehitust\u00f6\u00f6d J\u00f5hvis Veski t\u00e4naval ja mujal.<\/p>\n<p>Oleme valmis laienema ka Kohtla-J\u00e4rve t\u00f6\u00f6stusparki, kuhu on samuti tulemas mitmed uued ettev\u00f5tted. N\u00e4emegi oma v\u00f5rgu kasvuv\u00f5imalusi eelk\u00f5ige t\u00f6\u00f6stusparkides. Samuti arvestame J\u00f5hvi ja Ahtme piirile kavandatava elamute kompleksiga.<\/p>\n<p><strong>Kukrusel\u00a0v\u00f5i Orul pole te uusi torustikke ehitama hakanud?<\/strong><\/p>\n<p>See ei ole majanduslikult tasuv, arvestades seda, kui pikad torud tuleb rajada ja kui v\u00e4he on seal tarbijaid.<\/p>\n<p><strong>Milliseid suuremaid investeeringuid on\u00a0Gren\u00a0Viru viimastel aastatel Kohtla-J\u00e4rve ja J\u00f5hvi piirkonnas teinud?<\/strong><\/p>\n<p>Keskkonnainvesteeringute keskuselt saadud kaasfinantseeringute abil oleme teinud viis suurt projekti, mille k\u00e4igus vahetame v\u00e4lja torusid 12 kilomeetri ulatuses, et v\u00e4hendada soojuskadusid ja muuta v\u00f5rku efektiivsemaks. Osa l\u00f5ike on tehtud, teisi teeme veel ka j\u00e4rgmisel aastal.<\/p>\n<p>Kui meil \u00f5nnestub edaspidi j\u00e4rjepidevalt investeeringuteks raha saada, siis tahame uuendada j\u00e4rgneva 10 aastaga veel ligikaudu 50 kilomeetrit soojustorustikku. Paljud torud on 50-60 aastat vanad ja amortiseerunud. Samuti on vanad torud \u00fcledimensioneeritud ehk nende l\u00e4bim\u00f5\u00f5t on tunduvalt suurem, kui praeguse tarbimise mahu juures efektiivne ja vajalik on.<\/p>\n<p>Torude v\u00e4ljavahetamisega j\u00e4\u00e4b v\u00e4hemaks lekkeid ja meie keskkonnajalaj\u00e4lg muutub samuti v\u00e4iksemaks. Peale selle j\u00e4\u00e4b tunduvalt harvemaks avariiolukordi, mida vanade torude puhul ikka ette tuleb ning mis loomulikult kliente h\u00e4irivad.<\/p>\n<p><strong>Kas Ahtme ja J\u00f5hvi vahel s\u00f5idutee \u00e4\u00e4res olev soojustoru peaks \u00fckskord silme alt kaduma?<\/strong><\/p>\n<p>Meil on plaanis see maa sisse panna. Praegu hakkame seda projekteerima. Tegelikult tahaksime kogu torustiku maa sisse panna. See muudaks ka linnapildi esteetilisemaks.<\/p>\n<p><strong>Soojusv\u00f5rguettev\u00f5tte \u00e4ri on pealtn\u00e4ha lihtne: torust sisse tulev soojus tuleb \u00e4ra jagada, torud korras hoida ning tarbijatelt raha kokku koguda. Mida uuenduslikku on v\u00f5imalik soojusv\u00f5rguettev\u00f5ttes veel teha?<\/strong><\/p>\n<p>Alati saab protsesse veelgi rohkem automatiseerida ja efektiivsemaks muuta. Meie kolleegid Tartus uurivad ka n\u00e4iteks reovee kasutamise v\u00f5imalusi sooja tootmisel. Meil siin v\u00f5iks ka J\u00e4rve Biopuhastusega koos hinnata, kuidas oleks v\u00f5imalik soojusenergiat reoveest k\u00e4tte saada.<\/p>\n<p>Praegune p\u00f5hit\u00e4helepanu on meil siiski sellel, et saaks v\u00f5rgud t\u00f6\u00f6kindlamaks ja efektiivsemaks ning kaod v\u00f5imalikult v\u00e4ikeseks.<\/p>\n<\/div>\t<\/div>\n<\/section>","protected":false},"excerpt":{"rendered":"","protected":false},"author":22,"featured_media":10966,"comment_status":"closed","ping_status":"closed","sticky":false,"template":"","format":"standard","meta":{"_acf_changed":false,"footnotes":""},"categories":[1],"tags":[9,11,8,6,13,12],"class_list":["post-16608","post","type-post","status-publish","format-standard","has-post-thumbnail","hentry","category-uudised","tag-gren","tag-ida-virumaa","tag-kaugkute","tag-kuttevork","tag-viru","tag-virumaa"],"acf":[],"yoast_head":"<!-- This site is optimized with the Yoast SEO plugin v26.8 - https:\/\/yoast.com\/product\/yoast-seo-wordpress\/ -->\n<title>Kohtla-J\u00e4rve ja J\u00f5hvi l\u00e4hevad uuele k\u00fcttehooajale vastu vana hinnaga - Gren Eesti<\/title>\n<meta name=\"robots\" content=\"index, follow, max-snippet:-1, max-image-preview:large, max-video-preview:-1\" \/>\n<link rel=\"canonical\" href=\"https:\/\/gren.com\/ee\/uudised\/kohtla-jarve-ja-johvi-lahevad-uuele-kuttehooajale-vastu-vana-hinnaga\/\" \/>\n<meta property=\"og:locale\" content=\"en_US\" \/>\n<meta property=\"og:type\" content=\"article\" \/>\n<meta property=\"og:title\" content=\"Kohtla-J\u00e4rve ja J\u00f5hvi l\u00e4hevad uuele k\u00fcttehooajale vastu vana hinnaga - Gren Eesti\" \/>\n<meta property=\"og:url\" content=\"https:\/\/gren.com\/ee\/uudised\/kohtla-jarve-ja-johvi-lahevad-uuele-kuttehooajale-vastu-vana-hinnaga\/\" \/>\n<meta property=\"og:site_name\" content=\"Gren Eesti\" \/>\n<meta property=\"article:published_time\" content=\"2025-09-16T09:02:47+00:00\" \/>\n<meta property=\"article:modified_time\" content=\"2025-09-16T09:02:48+00:00\" \/>\n<meta property=\"og:image\" content=\"https:\/\/grenweb01.blob.core.windows.net\/gren-web-prod\/sites\/4\/2024\/01\/hero-bg-1.jpg\" \/>\n\t<meta property=\"og:image:width\" content=\"1600\" \/>\n\t<meta property=\"og:image:height\" content=\"1199\" \/>\n\t<meta property=\"og:image:type\" content=\"image\/jpeg\" \/>\n<meta name=\"author\" content=\"mailis\" \/>\n<meta name=\"twitter:card\" content=\"summary_large_image\" \/>\n<meta name=\"twitter:label1\" content=\"Written by\" \/>\n\t<meta name=\"twitter:data1\" content=\"mailis\" \/>\n\t<meta name=\"twitter:label2\" content=\"Est. reading time\" \/>\n\t<meta name=\"twitter:data2\" content=\"6 minutes\" \/>\n<script type=\"application\/ld+json\" class=\"yoast-schema-graph\">{\"@context\":\"https:\/\/schema.org\",\"@graph\":[{\"@type\":\"Article\",\"@id\":\"https:\/\/gren.com\/ee\/uudised\/kohtla-jarve-ja-johvi-lahevad-uuele-kuttehooajale-vastu-vana-hinnaga\/#article\",\"isPartOf\":{\"@id\":\"https:\/\/gren.com\/ee\/uudised\/kohtla-jarve-ja-johvi-lahevad-uuele-kuttehooajale-vastu-vana-hinnaga\/\"},\"author\":{\"name\":\"mailis\",\"@id\":\"https:\/\/gren.com\/ee\/#\/schema\/person\/4a4ae0507665c47bc634dcfed2caf515\"},\"headline\":\"Kohtla-J\u00e4rve ja J\u00f5hvi l\u00e4hevad uuele k\u00fcttehooajale vastu vana hinnaga\",\"datePublished\":\"2025-09-16T09:02:47+00:00\",\"dateModified\":\"2025-09-16T09:02:48+00:00\",\"mainEntityOfPage\":{\"@id\":\"https:\/\/gren.com\/ee\/uudised\/kohtla-jarve-ja-johvi-lahevad-uuele-kuttehooajale-vastu-vana-hinnaga\/\"},\"wordCount\":13,\"image\":{\"@id\":\"https:\/\/gren.com\/ee\/uudised\/kohtla-jarve-ja-johvi-lahevad-uuele-kuttehooajale-vastu-vana-hinnaga\/#primaryimage\"},\"thumbnailUrl\":\"https:\/\/grenweb01.blob.core.windows.net\/gren-web-prod\/sites\/4\/2024\/01\/hero-bg-1.jpg\",\"keywords\":[\"gren\",\"ida-virumaa\",\"kaugk\u00fcte\",\"k\u00fcttev\u00f5rk\",\"viru\",\"virumaa\"],\"articleSection\":[\"Uudised\"],\"inLanguage\":\"en-US\"},{\"@type\":\"WebPage\",\"@id\":\"https:\/\/gren.com\/ee\/uudised\/kohtla-jarve-ja-johvi-lahevad-uuele-kuttehooajale-vastu-vana-hinnaga\/\",\"url\":\"https:\/\/gren.com\/ee\/uudised\/kohtla-jarve-ja-johvi-lahevad-uuele-kuttehooajale-vastu-vana-hinnaga\/\",\"name\":\"Kohtla-J\u00e4rve ja J\u00f5hvi l\u00e4hevad uuele k\u00fcttehooajale vastu vana hinnaga - Gren Eesti\",\"isPartOf\":{\"@id\":\"https:\/\/gren.com\/ee\/#website\"},\"primaryImageOfPage\":{\"@id\":\"https:\/\/gren.com\/ee\/uudised\/kohtla-jarve-ja-johvi-lahevad-uuele-kuttehooajale-vastu-vana-hinnaga\/#primaryimage\"},\"image\":{\"@id\":\"https:\/\/gren.com\/ee\/uudised\/kohtla-jarve-ja-johvi-lahevad-uuele-kuttehooajale-vastu-vana-hinnaga\/#primaryimage\"},\"thumbnailUrl\":\"https:\/\/grenweb01.blob.core.windows.net\/gren-web-prod\/sites\/4\/2024\/01\/hero-bg-1.jpg\",\"datePublished\":\"2025-09-16T09:02:47+00:00\",\"dateModified\":\"2025-09-16T09:02:48+00:00\",\"author\":{\"@id\":\"https:\/\/gren.com\/ee\/#\/schema\/person\/4a4ae0507665c47bc634dcfed2caf515\"},\"breadcrumb\":{\"@id\":\"https:\/\/gren.com\/ee\/uudised\/kohtla-jarve-ja-johvi-lahevad-uuele-kuttehooajale-vastu-vana-hinnaga\/#breadcrumb\"},\"inLanguage\":\"en-US\",\"potentialAction\":[{\"@type\":\"ReadAction\",\"target\":[\"https:\/\/gren.com\/ee\/uudised\/kohtla-jarve-ja-johvi-lahevad-uuele-kuttehooajale-vastu-vana-hinnaga\/\"]}]},{\"@type\":\"ImageObject\",\"inLanguage\":\"en-US\",\"@id\":\"https:\/\/gren.com\/ee\/uudised\/kohtla-jarve-ja-johvi-lahevad-uuele-kuttehooajale-vastu-vana-hinnaga\/#primaryimage\",\"url\":\"https:\/\/grenweb01.blob.core.windows.net\/gren-web-prod\/sites\/4\/2024\/01\/hero-bg-1.jpg\",\"contentUrl\":\"https:\/\/grenweb01.blob.core.windows.net\/gren-web-prod\/sites\/4\/2024\/01\/hero-bg-1.jpg\",\"width\":1600,\"height\":1199,\"caption\":\"We are Gren\"},{\"@type\":\"BreadcrumbList\",\"@id\":\"https:\/\/gren.com\/ee\/uudised\/kohtla-jarve-ja-johvi-lahevad-uuele-kuttehooajale-vastu-vana-hinnaga\/#breadcrumb\",\"itemListElement\":[{\"@type\":\"ListItem\",\"position\":1,\"name\":\"Home\",\"item\":\"https:\/\/gren.com\/ee\/\"},{\"@type\":\"ListItem\",\"position\":2,\"name\":\"Kohtla-J\u00e4rve ja J\u00f5hvi l\u00e4hevad uuele k\u00fcttehooajale vastu vana hinnaga\"}]},{\"@type\":\"WebSite\",\"@id\":\"https:\/\/gren.com\/ee\/#website\",\"url\":\"https:\/\/gren.com\/ee\/\",\"name\":\"Gren Eesti\",\"description\":\"Me oleme rohelise energia ettev\u00f5te\",\"potentialAction\":[{\"@type\":\"SearchAction\",\"target\":{\"@type\":\"EntryPoint\",\"urlTemplate\":\"https:\/\/gren.com\/ee\/?s={search_term_string}\"},\"query-input\":{\"@type\":\"PropertyValueSpecification\",\"valueRequired\":true,\"valueName\":\"search_term_string\"}}],\"inLanguage\":\"en-US\"},{\"@type\":\"Person\",\"@id\":\"https:\/\/gren.com\/ee\/#\/schema\/person\/4a4ae0507665c47bc634dcfed2caf515\",\"name\":\"mailis\"}]}<\/script>\n<!-- \/ Yoast SEO plugin. -->","yoast_head_json":{"title":"Kohtla-J\u00e4rve ja J\u00f5hvi l\u00e4hevad uuele k\u00fcttehooajale vastu vana hinnaga - Gren Eesti","robots":{"index":"index","follow":"follow","max-snippet":"max-snippet:-1","max-image-preview":"max-image-preview:large","max-video-preview":"max-video-preview:-1"},"canonical":"https:\/\/gren.com\/ee\/uudised\/kohtla-jarve-ja-johvi-lahevad-uuele-kuttehooajale-vastu-vana-hinnaga\/","og_locale":"en_US","og_type":"article","og_title":"Kohtla-J\u00e4rve ja J\u00f5hvi l\u00e4hevad uuele k\u00fcttehooajale vastu vana hinnaga - Gren Eesti","og_url":"https:\/\/gren.com\/ee\/uudised\/kohtla-jarve-ja-johvi-lahevad-uuele-kuttehooajale-vastu-vana-hinnaga\/","og_site_name":"Gren Eesti","article_published_time":"2025-09-16T09:02:47+00:00","article_modified_time":"2025-09-16T09:02:48+00:00","og_image":[{"width":1600,"height":1199,"url":"https:\/\/grenweb01.blob.core.windows.net\/gren-web-prod\/sites\/4\/2024\/01\/hero-bg-1.jpg","type":"image\/jpeg"}],"author":"mailis","twitter_card":"summary_large_image","twitter_misc":{"Written by":"mailis","Est. reading time":"6 minutes"},"schema":{"@context":"https:\/\/schema.org","@graph":[{"@type":"Article","@id":"https:\/\/gren.com\/ee\/uudised\/kohtla-jarve-ja-johvi-lahevad-uuele-kuttehooajale-vastu-vana-hinnaga\/#article","isPartOf":{"@id":"https:\/\/gren.com\/ee\/uudised\/kohtla-jarve-ja-johvi-lahevad-uuele-kuttehooajale-vastu-vana-hinnaga\/"},"author":{"name":"mailis","@id":"https:\/\/gren.com\/ee\/#\/schema\/person\/4a4ae0507665c47bc634dcfed2caf515"},"headline":"Kohtla-J\u00e4rve ja J\u00f5hvi l\u00e4hevad uuele k\u00fcttehooajale vastu vana hinnaga","datePublished":"2025-09-16T09:02:47+00:00","dateModified":"2025-09-16T09:02:48+00:00","mainEntityOfPage":{"@id":"https:\/\/gren.com\/ee\/uudised\/kohtla-jarve-ja-johvi-lahevad-uuele-kuttehooajale-vastu-vana-hinnaga\/"},"wordCount":13,"image":{"@id":"https:\/\/gren.com\/ee\/uudised\/kohtla-jarve-ja-johvi-lahevad-uuele-kuttehooajale-vastu-vana-hinnaga\/#primaryimage"},"thumbnailUrl":"https:\/\/grenweb01.blob.core.windows.net\/gren-web-prod\/sites\/4\/2024\/01\/hero-bg-1.jpg","keywords":["gren","ida-virumaa","kaugk\u00fcte","k\u00fcttev\u00f5rk","viru","virumaa"],"articleSection":["Uudised"],"inLanguage":"en-US"},{"@type":"WebPage","@id":"https:\/\/gren.com\/ee\/uudised\/kohtla-jarve-ja-johvi-lahevad-uuele-kuttehooajale-vastu-vana-hinnaga\/","url":"https:\/\/gren.com\/ee\/uudised\/kohtla-jarve-ja-johvi-lahevad-uuele-kuttehooajale-vastu-vana-hinnaga\/","name":"Kohtla-J\u00e4rve ja J\u00f5hvi l\u00e4hevad uuele k\u00fcttehooajale vastu vana hinnaga - Gren Eesti","isPartOf":{"@id":"https:\/\/gren.com\/ee\/#website"},"primaryImageOfPage":{"@id":"https:\/\/gren.com\/ee\/uudised\/kohtla-jarve-ja-johvi-lahevad-uuele-kuttehooajale-vastu-vana-hinnaga\/#primaryimage"},"image":{"@id":"https:\/\/gren.com\/ee\/uudised\/kohtla-jarve-ja-johvi-lahevad-uuele-kuttehooajale-vastu-vana-hinnaga\/#primaryimage"},"thumbnailUrl":"https:\/\/grenweb01.blob.core.windows.net\/gren-web-prod\/sites\/4\/2024\/01\/hero-bg-1.jpg","datePublished":"2025-09-16T09:02:47+00:00","dateModified":"2025-09-16T09:02:48+00:00","author":{"@id":"https:\/\/gren.com\/ee\/#\/schema\/person\/4a4ae0507665c47bc634dcfed2caf515"},"breadcrumb":{"@id":"https:\/\/gren.com\/ee\/uudised\/kohtla-jarve-ja-johvi-lahevad-uuele-kuttehooajale-vastu-vana-hinnaga\/#breadcrumb"},"inLanguage":"en-US","potentialAction":[{"@type":"ReadAction","target":["https:\/\/gren.com\/ee\/uudised\/kohtla-jarve-ja-johvi-lahevad-uuele-kuttehooajale-vastu-vana-hinnaga\/"]}]},{"@type":"ImageObject","inLanguage":"en-US","@id":"https:\/\/gren.com\/ee\/uudised\/kohtla-jarve-ja-johvi-lahevad-uuele-kuttehooajale-vastu-vana-hinnaga\/#primaryimage","url":"https:\/\/grenweb01.blob.core.windows.net\/gren-web-prod\/sites\/4\/2024\/01\/hero-bg-1.jpg","contentUrl":"https:\/\/grenweb01.blob.core.windows.net\/gren-web-prod\/sites\/4\/2024\/01\/hero-bg-1.jpg","width":1600,"height":1199,"caption":"We are Gren"},{"@type":"BreadcrumbList","@id":"https:\/\/gren.com\/ee\/uudised\/kohtla-jarve-ja-johvi-lahevad-uuele-kuttehooajale-vastu-vana-hinnaga\/#breadcrumb","itemListElement":[{"@type":"ListItem","position":1,"name":"Home","item":"https:\/\/gren.com\/ee\/"},{"@type":"ListItem","position":2,"name":"Kohtla-J\u00e4rve ja J\u00f5hvi l\u00e4hevad uuele k\u00fcttehooajale vastu vana hinnaga"}]},{"@type":"WebSite","@id":"https:\/\/gren.com\/ee\/#website","url":"https:\/\/gren.com\/ee\/","name":"Gren Eesti","description":"Me oleme rohelise energia ettev\u00f5te","potentialAction":[{"@type":"SearchAction","target":{"@type":"EntryPoint","urlTemplate":"https:\/\/gren.com\/ee\/?s={search_term_string}"},"query-input":{"@type":"PropertyValueSpecification","valueRequired":true,"valueName":"search_term_string"}}],"inLanguage":"en-US"},{"@type":"Person","@id":"https:\/\/gren.com\/ee\/#\/schema\/person\/4a4ae0507665c47bc634dcfed2caf515","name":"mailis"}]}},"_links":{"self":[{"href":"https:\/\/gren.com\/ee\/wp-json\/wp\/v2\/posts\/16608","targetHints":{"allow":["GET"]}}],"collection":[{"href":"https:\/\/gren.com\/ee\/wp-json\/wp\/v2\/posts"}],"about":[{"href":"https:\/\/gren.com\/ee\/wp-json\/wp\/v2\/types\/post"}],"author":[{"embeddable":true,"href":"https:\/\/gren.com\/ee\/wp-json\/wp\/v2\/users\/22"}],"replies":[{"embeddable":true,"href":"https:\/\/gren.com\/ee\/wp-json\/wp\/v2\/comments?post=16608"}],"version-history":[{"count":4,"href":"https:\/\/gren.com\/ee\/wp-json\/wp\/v2\/posts\/16608\/revisions"}],"predecessor-version":[{"id":16612,"href":"https:\/\/gren.com\/ee\/wp-json\/wp\/v2\/posts\/16608\/revisions\/16612"}],"wp:featuredmedia":[{"embeddable":true,"href":"https:\/\/gren.com\/ee\/wp-json\/wp\/v2\/media\/10966"}],"wp:attachment":[{"href":"https:\/\/gren.com\/ee\/wp-json\/wp\/v2\/media?parent=16608"}],"wp:term":[{"taxonomy":"category","embeddable":true,"href":"https:\/\/gren.com\/ee\/wp-json\/wp\/v2\/categories?post=16608"},{"taxonomy":"post_tag","embeddable":true,"href":"https:\/\/gren.com\/ee\/wp-json\/wp\/v2\/tags?post=16608"}],"curies":[{"name":"wp","href":"https:\/\/api.w.org\/{rel}","templated":true}]}}