{"id":16913,"date":"2025-11-17T09:26:27","date_gmt":"2025-11-17T07:26:27","guid":{"rendered":"https:\/\/gren.com\/ee\/?p=16913"},"modified":"2026-04-07T09:56:23","modified_gmt":"2026-04-07T06:56:23","slug":"gren-ehitab-eestisse-elektrivorgu-tookindluse-tagamiseks-kaks-uut-elektrijaama","status":"publish","type":"post","link":"https:\/\/gren.com\/ee\/uudised\/gren-ehitab-eestisse-elektrivorgu-tookindluse-tagamiseks-kaks-uut-elektrijaama\/","title":{"rendered":"Gren ehitab Eestisse elektriv\u00f5rgu t\u00f6\u00f6kindluse tagamiseks kaks uut elektrijaama"},"content":{"rendered":"<style type=\"text\/css\">.page-hero{padding:140px 0 30px;position:relative}.page-hero-content{max-width:300px}.page-hero h4,.page-hero p{font-size:16px;font-weight:400;line-height:24px}.page-hero .date{margin-top:24px;color:#fff;font-size:20px}.page-hero-video-wrap{position:absolute;top:0;left:0;width:100%;height:100%;z-index:-1;overflow:hidden}.page-hero-video{width:100%;height:100%;object-fit:cover}@media(min-width: 576px){.page-hero-content{max-width:850px}}@media(min-width: 992px){.page-hero{padding:210px 0 64px}.page-hero h4,.page-hero p{font-size:24px;line-height:30px}}\n\n\/*# sourceMappingURL=block-page-hero.min.css.map*\/<\/style><section id=\"page-hero-block_4d51f6b649003d7e61d83d5d338ccfdf\" class=\"block page-hero\" style=\"background: url(https:\/\/grenweb01.blob.core.windows.net\/gren-web-prod\/sites\/4\/2025\/11\/AdobeStock_222573616-scaled.jpeg) no-repeat center\/cover\">\n\t<div class=\"container\"  data-block-animate>\n\t\t\t\t\t<div class=\"page-hero-content text-wrap\"  data-animate-part>\n\t\t\t\t<h1><span style=\"color: #ffffff\">Gren ehitab Eestisse elektriv\u00f5rgu t\u00f6\u00f6kindluse tagamiseks kaks uut elektrijaama<\/span><\/h1>\n\n                <div class=\"date\">17.11.25<\/div>\t\t\t<\/div>\n\t\t\t<\/div>\n<\/section>\n\n<style type=\"text\/css\">.full-width-written-content p>a{font-weight:700}\n\n\/*# sourceMappingURL=block-full-width-written-content.min.css.map*\/<\/style><section id=\"full-width-written-content-block_39d1c66fb978f1a4ef07d9999003b167\" class=\"block full-width-written-content\">\n\t<div class=\"container\" data-block-animate>\n\t\t<div class=\"text-wrap\" data-animate-part><p><strong>Greni pakkumised Eesti elektris\u00fcsteemi halduri Eleringi sagedusreservide hankel osutusid edukateks ning Eesti elektriv\u00f5rgu t\u00f6\u00f6kindluse tagamiseks ja sagedusreservide teenuse pakkumiseks rajab Gren Eestisse kaks uut elektrijaama \u2013 \u00fche Tartusse ja teise Ida-Virumaale Ahtmesse. <\/strong><\/p>\n<p>M\u00f5lema jaama v\u00f5imsus saab olema 30 megavatti, kokku 60 megavatti. Jaamade peamine eesm\u00e4rk on pakkuda sagedusreservi teenust, mis on Eesti, aga ka k\u00f5ikide Balti riikide elektriv\u00f5rgu t\u00f6\u00f6kindluse seisukohalt kriitilise t\u00e4htsusega. M\u00f5lemad jaamad hakkavad kasutama elektri tootmiseks maagaasi, kuid tulevikku vaatavalt luuakse valmisolek kasutada ka biometaani ja lisada k\u00fctusesegule vesinikku.<\/p>\n<p>Greni Eesti \u00e4ride juhi <strong>Margo K\u00fclaotsa<\/strong> s\u00f5nul n\u00e4eb Gren sagedusreservi teenuse pakkumisel mitmeid s\u00fcnergiaid oma p\u00f5hitegevustega \u2013 kaugk\u00fctte ja -jahutuse tootmise ning jaotamisega. \u201eMeil on riigis kohapeal olemas nii tipptasemel meeskond, pikaajaline kogemus koostootmisjaamade k\u00e4itamisel kui ka tehniline baas sagedusreservi pakkumise teenuse loomiseks. Meil on Eestis juba praegu kaks kaasaegset koostootmisjaama, mis on v\u00f5imelised tootma samaaegselt nii elektrit kui soojusenergiat \u2013 kasutame seda kogemust n\u00fc\u00fcd ka sagedusreservide tagamiseks,\u201c s\u00f5nas ta.<\/p>\n<p>\u201eEleringiga on leping t\u00e4naseks s\u00f5lmitud, n\u00fc\u00fcd algab t\u00f6\u00f6 jaamade projekteerimiseks ja ehitamiseks. Eelduste kohaselt valmivad need juba 2027. aasta l\u00f5puks, mil saame hakata pakkuma Eesti elektriv\u00f5rgule niiv\u00f5rd vajalikku tuge. T\u00e4name Eleringi otsuse eest hankida sagedusreservi teenust avatud turult ning kindlustada sellega s\u00fcsteemi t\u00f6\u00f6kindlus ja usaldusv\u00e4\u00e4rsus,\u201c m\u00e4rkis K\u00fclaots.<\/p>\n<p>Greni Eesti \u00e4riarenduste juht <strong>Jaak Tuksam<\/strong> r\u00f5hutas, et kuna Gren positsioneerib end strateegilise partnerina nii kaugk\u00fctte ja kaugjahutuse valdkonnas kui ka koostootmisjaamadega elektriv\u00f5rkudes, siis on igati loomulik, et toetatakse t\u00f6\u00f6kindlamat elektritaristut Balti riikides ja nutika energiatuleviku rajamist. \u201eTulevikus hakkavad kohalikud ja j\u00e4\u00e4ksoojust efektiivselt kasutavad ettev\u00f5tted niikuinii pakkuma ka elektris\u00fcsteemi \u201eviimast miili\u201c ning \u00fcha v\u00e4hem l\u00e4heb vaja jaotusv\u00f5rgu dubleerivat s\u00fcsteemi,\u201c selgitas ta Greni huvi sagedusreservide turu vastu. Ta lisas, et selline juhitav tootmisv\u00f5imsus on h\u00e4davajalik sageduse iseseisvaks reguleerimiseks ja elektris\u00fcsteemi stabiilseks toimimiseks.<\/p>\n<p>Eleringi juhatuse liikme <strong>Erkki Sapi<\/strong> s\u00f5nul on paindlikke ja kiirelt juhitavaid elektrijaamu vaja elektris\u00fcsteemi igap\u00e4evaseks reaalajas juhtimiseks. Samas annavad uuena ehitatavad gaasijaamad olulise panuse varustuskindluse tagamisse laiemalt. \u201eEesti tuleviku varustuskindluse jaoks on kriitilise t\u00e4htsusega, kuidas tagada piisavas koguses kiirelt reageerivate elektrijaamade olemasolu olukorras, kus Mandri-Euroopa s\u00fcnkroonalas peab iga riik ise oma s\u00fcsteemi tasakaalu hoidma,\u201c lausus Sapp.<\/p>\n<p>\u201eTunnustame Greni otsuste eest pikaajaliste sagedusreservide hankel osalemisel ja edukate pakkumiste tegemisel. N\u00fc\u00fcdseks on v\u00f5itjad valitud ja lepingud nendega s\u00f5lmitud. Suur hulk osalejaid ja tihe konkurents hankel tagavad parima v\u00f5imaliku tulemuse Eesti elektritarbijale,\u201c m\u00e4rkis Sapp.<\/p>\n<p>Sagedusreservid on vajalikud tasakaalu ehk sageduse hoidmiseks elektris\u00fcsteemis. Tasakaalu kadumisel v\u00f5ib elektris\u00fcsteem halvemal juhul seiskuda. Piisava koguse sagedusreservide tagamiseks keskpikas perspektiivis korraldas Elering riigihanke, millele laekus kokku 13 pakkumust 677 megavatile. Elering ostab hanke tulemusel sagedusreserve viielt pakkujalt mahus 236 megavatti. Gren osales hankel kahe pakkumusega, mis m\u00f5lemad osutusid edukaks.<\/p>\n<p>Gren on Balti riikides, P\u00f5hjamaades ja \u00dchendkuningriigis tegutsev energiatootja ja -tarnija, kes pakub j\u00e4tkusuutlikku, usaldusv\u00e4\u00e4rset ja soodsat energiat. Greni kohalikel teadmistel ja ressurssidel baseeruvad lahendused ulatuvad j\u00e4tkusuutlikest kaugk\u00fctte- ja kaugjahutuss\u00fcsteemidest uuendusliku taastuv- ja t\u00f6\u00f6stusenergiani. Eestis pakutakse kaugk\u00fctet Tartus, P\u00e4rnus, Viljandis ning Kohtla-J\u00e4rvel ja J\u00f5hvis, kaugjahutust Tartus ja P\u00e4rnus ning t\u00f6\u00f6stuslikke energialahendusi \u00fcle Eesti. Greni Eesti ettev\u00f5tetes t\u00f6\u00f6tab kokku ligi 180 inimest.<\/p>\n<p>2024. aastal m\u00fc\u00fcs Gren Eestis soojusenergiat 1 031 GWh, jahutust 13,8 GWh ja elektrit 241 GWh. Greni Eestis hallatava kaugk\u00fcttev\u00f5rgu pikkus on ligi 570 km ja kaugjahutusv\u00f5rgu pikkus on 15 km, elektrit ja soojusenergiat toodetakse kahes koostootmisjaamas, soojust 13 katlamajas ja kaugjahutust kolmes kaugjahutusjaamas. Lisaks on Grenil Tartus 10 000 m3 soojussalvesti, mis avati 2023. aasta s\u00fcgisel. Gren kasutab Tartus, P\u00e4rnus ja Viljandis soojusenergiatootmiseks biomassi ehk ligikaudu 95 protsenti Eestis kasutatavatest k\u00fctustest on taastuvad ja kohalikku p\u00e4ritolu. Ida-Virumaal toodetakse soojusenergiat 97 protsendi ulatuses heitsoojuse baasil. Greni Eesti ettev\u00f5tted omavad ISO 9001, ISO 14001, ISO 45001 juhtimiss\u00fcsteemi standardite vastavuse sertifikaate.<\/p>\n<\/div>\t<\/div>\n<\/section>\n\n<style type=\"text\/css\">.block.files .listing-container{margin-top:38px}.block.files .listing-container .listing-wrap{display:flex;flex-wrap:wrap;width:calc(100% + 8px);margin-top:-8px;margin-bottom:-8px}.block.files .listing-container .listing-wrap .listing-col{flex-basis:auto;padding-right:8px;margin-bottom:8px}.block.files .listing-container .listing-wrap .listing-col.show-on-click{display:none}@media(min-width: 992px){.block.files .listing-container .listing-wrap .listing-col.show-on-click{display:block}}.block.files .listing-container .btn-container{margin-top:32px}.block.files .listing-container .btn-container button{width:100%}.block.files .file-card{display:flex;justify-content:space-between;align-items:center;flex-basis:auto;border-radius:8px;padding:16px;background:#f8f8f8;gap:16px;height:100%}.block.files .file-card .file-links{display:flex;flex-wrap:wrap;align-items:center;justify-content:flex-end;max-width:150px;gap:16px}@media(min-width: 576px){.block.files .file-card .file-links{max-width:200px}}.block.files .file-card .file-links a{display:flex;align-items:center}.block.files .file-card .file-links a img{height:32px;width:auto}.block.files .file-card .file-links a span{margin-left:8px}@media(min-width: 992px){.block.files .file-card .file-links a:hover img{filter:invert(67%) sepia(89%) saturate(7492%) hue-rotate(346deg) brightness(84%) contrast(146%)}}\n\n\/*# sourceMappingURL=block-files.min.css.map*\/<\/style><section id=\"files-block_ce2325d9a587cc8356fa393b01717ae5\" class=\"block files\">\n\t<div class=\"container\" data-block-animate>\n        <div class=\"text-wrap\" data-animate-part>\n            <h3>Fotod<\/h3>\n        <\/div>\n\n        <div class=\"listing-container\" data-animate-part>\n            <div class=\"row g-0 listing-wrap\">\n                \n                    \n                        <div class=\"col-12 col-lg-6 col-xl-4 listing-col \">\n                            <div class=\"file-card\">\n                                <p class=\"col\"><b>Margo K\u00fclaots<\/b><\/p>\n                                <div class=\"file-links\">\n                                                                                                                    <a href=\"https:\/\/grenweb01.blob.core.windows.net\/gren-web-prod\/sites\/4\/2025\/11\/Margo-Kulaots-_-Gren.jpg\" target=\"_blank\">\n                                            <img decoding=\"async\" src=\"https:\/\/grenweb01.blob.core.windows.net\/gren-web-prod\/sites\/4\/2025\/11\/Margo-Kulaots-_-Gren.jpg\" alt=\"\" height=\"32\" loading=\"lazy\">\n                                            <span>.jpg<\/span>\n                                        <\/a>\n                                                                    <\/div>\n\n                            <\/div>\n                        <\/div>\n\n                    \n                        <div class=\"col-12 col-lg-6 col-xl-4 listing-col \">\n                            <div class=\"file-card\">\n                                <p class=\"col\"><b>Jaak Tuksam<\/b><\/p>\n                                <div class=\"file-links\">\n                                                                                                                    <a href=\"https:\/\/grenweb01.blob.core.windows.net\/gren-web-prod\/sites\/4\/2025\/11\/Jaak-Tuksam-_-Gren.png\" target=\"_blank\">\n                                            <img decoding=\"async\" src=\"https:\/\/grenweb01.blob.core.windows.net\/gren-web-prod\/sites\/4\/2025\/11\/Jaak-Tuksam-_-Gren.png\" alt=\"\" height=\"32\" loading=\"lazy\">\n                                            <span>.png<\/span>\n                                        <\/a>\n                                                                    <\/div>\n\n                            <\/div>\n                        <\/div>\n\n                    \n                        <div class=\"col-12 col-lg-6 col-xl-4 listing-col \">\n                            <div class=\"file-card\">\n                                <p class=\"col\"><b>Gren logo RGB<\/b><\/p>\n                                <div class=\"file-links\">\n                                                                                                                    <a href=\"https:\/\/grenweb01.blob.core.windows.net\/gren-web-prod\/sites\/4\/2025\/11\/Gren_logo_RGB.png\" target=\"_blank\">\n                                            <img decoding=\"async\" src=\"https:\/\/grenweb01.blob.core.windows.net\/gren-web-prod\/sites\/4\/2025\/11\/Gren_logo_RGB.png\" alt=\"\" height=\"32\" loading=\"lazy\">\n                                            <span>.png<\/span>\n                                        <\/a>\n                                                                    <\/div>\n\n                            <\/div>\n                        <\/div>\n\n                    \n                        <div class=\"col-12 col-lg-6 col-xl-4 listing-col \">\n                            <div class=\"file-card\">\n                                <p class=\"col\"><b>Lipud<\/b><\/p>\n                                <div class=\"file-links\">\n                                                                                                                    <a href=\"https:\/\/grenweb01.blob.core.windows.net\/gren-web-prod\/sites\/4\/2025\/11\/Gren_270523-42-scaled.jpg\" target=\"_blank\">\n                                            <img decoding=\"async\" src=\"https:\/\/grenweb01.blob.core.windows.net\/gren-web-prod\/sites\/4\/2025\/11\/Gren_270523-42-scaled.jpg\" alt=\"\" height=\"32\" loading=\"lazy\">\n                                            <span>.jpg<\/span>\n                                        <\/a>\n                                                                    <\/div>\n\n                            <\/div>\n                        <\/div>\n\n                    \n                \n            <\/div>\n\n            \n        <\/div>\n\t<\/div>\n<\/section>\n\n\n<style type=\"text\/css\">.accordion-contacts .listing-wrap{margin-top:32px;display:flex;flex-wrap:wrap;gap:16px}.accordion-contacts .listing-wrap .listing-col{width:100%}@media(min-width: 768px){.accordion-contacts .listing-wrap .listing-col{width:calc(50% - 8px)}}.accordion-contacts .accordion-contact-item button{position:relative;width:100%;padding:24px 48px 24px 24px;background:#d7e4e3;font-size:24px;font-weight:700;line-height:30px;border-radius:8px;border:none;text-align:left}.accordion-contacts .accordion-contact-item button span{margin-right:24px}.accordion-contacts .accordion-contact-item button svg{position:absolute;top:28px;right:24px;width:12px;height:24px;transition:transform .15s}.accordion-contacts .accordion-contact-item button svg path{transition:stroke .3s}@media(min-width: 992px){.accordion-contacts .accordion-contact-item button:hover:hover svg path{stroke:#18213b}}.accordion-contacts .accordion-contact-item .accordion-content{transition:height .35s ease-in-out;overflow:hidden;display:none}.accordion-contacts .accordion-contact-item.is-open button svg{transform:rotate(90deg)}.accordion-contacts .accordion-contact-item.is-open button svg path{stroke:#18213b}.accordion-contacts .accordion-contact-item.is-open .accordion-content{display:block}.accordion-contacts .accordion-contact-card{padding:24px 16px}.accordion-contacts .accordion-contact-card:not(:first-child){border-bottom:1px solid #9cbbba}.accordion-contacts .accordion-contact-card:nth-child(2){border-top:1px solid #9cbbba}.accordion-contacts .accordion-contact-card h4{font-size:24px;line-height:30px}.accordion-contacts .accordion-contact-card a{display:block;font-weight:700;color:#18213b}@media(min-width: 992px){.accordion-contacts .accordion-contact-card a:hover{color:#e8412c}}.accordion-contacts .accordion-contact-card a:first-of-type{margin-top:24px}.accordion-contacts .accordion-contact-card p{margin-top:24px}.accordion-contacts .accordion-contact-card .col-image{width:150px;height:180px;margin-left:16px;overflow:hidden;border-radius:8px}.accordion-contacts .accordion-contact-card .col-image img{object-fit:cover;object-position:center;width:100%;height:100%}\n\n\/*# sourceMappingURL=block-accordion-contacts.min.css.map*\/<\/style><section id=\"accordion-contacts-block_5c2df16e66374359e372632637fe04ad\" class=\"block accordion-contacts\">\n\t<div class=\"container\" data-block-animate>\n        <div class=\"text-wrap\" data-animate-part>\n            <h3>Meediap\u00e4ringud<\/h3>\n        <\/div>\n                    <div class=\"listing-wrap\">\n                                    <div class=\"listing-col\" data-animate-part>\n                        <div class=\"accordion-contact-item\">\n                            <div class=\"accordion-header\">\n                                <button type=\"button\">\n                                    <span>Kommunikatsiooni ja turunduse juht Eestis<\/span>\n                                    <svg width=\"16\" height=\"28\" viewBox=\"0 0 16 28\" fill=\"none\" xmlns=\"http:\/\/www.w3.org\/2000\/svg\">\n                                        <path d=\"M1.49609 2L14.0002 14L1.49609 26\" stroke=\"white\" stroke-width=\"3\" stroke-linecap=\"round\" stroke-linejoin=\"round\"\/>\n                                    <\/svg>\n                                <\/button>\n                            <\/div>\n                            <div class=\"accordion-content\">\n                                <div class=\"accordion-body\">\n                                    \n                                                                                    <div class=\"accordion-contact-card\">\n                                                <div class=\"row flex-nowrap g-0 position-relative\">\n                                                    <div class=\"col\">\n                                                        <h4>Mailis Meesak<\/h4>\n                                                                                                                                                                                                                                    <a href=\"tel:+372 5345 6665\">\n                                                                +372 5345 6665                                                            <\/a>\n                                                                                                                                                                            <a href=\"mailto:mailis.meesak@gren.com\">\n                                                                mailis.meesak@gren.com                                                            <\/a>\n                                                                                                            <\/div>\n                                                                                                    <\/div>\n\n                                            <\/div>\n                                                                            \n                                <\/div>\n                            <\/div>\n                        <\/div>\n                    <\/div>\n                                    <div class=\"listing-col\" data-animate-part>\n                        <div class=\"accordion-contact-item\">\n                            <div class=\"accordion-header\">\n                                <button type=\"button\">\n                                    <span>Eesti \u00e4ride juht<\/span>\n                                    <svg width=\"16\" height=\"28\" viewBox=\"0 0 16 28\" fill=\"none\" xmlns=\"http:\/\/www.w3.org\/2000\/svg\">\n                                        <path d=\"M1.49609 2L14.0002 14L1.49609 26\" stroke=\"white\" stroke-width=\"3\" stroke-linecap=\"round\" stroke-linejoin=\"round\"\/>\n                                    <\/svg>\n                                <\/button>\n                            <\/div>\n                            <div class=\"accordion-content\">\n                                <div class=\"accordion-body\">\n                                    \n                                                                                    <div class=\"accordion-contact-card\">\n                                                <div class=\"row flex-nowrap g-0 position-relative\">\n                                                    <div class=\"col\">\n                                                        <h4>Margo K\u00fclaots<\/h4>\n                                                                                                                                                                                                                                    <a href=\"tel:+372 505 2986\">\n                                                                +372 505 2986                                                            <\/a>\n                                                                                                                                                                            <a href=\"mailto:margo.kulaots@gren.com\">\n                                                                margo.kulaots@gren.com                                                            <\/a>\n                                                                                                            <\/div>\n                                                                                                    <\/div>\n\n                                            <\/div>\n                                                                            \n                                <\/div>\n                            <\/div>\n                        <\/div>\n                    <\/div>\n                            <\/div>\n        \t<\/div>\n<\/section>\n","protected":false},"excerpt":{"rendered":"","protected":false},"author":22,"featured_media":16914,"comment_status":"closed","ping_status":"closed","sticky":false,"template":"","format":"standard","meta":{"_acf_changed":false,"footnotes":""},"categories":[1],"tags":[33,31,34,9,11,7,32,10,13,12],"class_list":["post-16913","post","type-post","status-publish","format-standard","has-post-thumbnail","hentry","category-uudised","tag-elektrijaam","tag-elektrivork","tag-gaasijaam","tag-gren","tag-ida-virumaa","tag-investeering","tag-sagedusreserv","tag-tartu","tag-viru","tag-virumaa"],"acf":[],"yoast_head":"<!-- This site is optimized with the Yoast SEO plugin v26.8 - https:\/\/yoast.com\/product\/yoast-seo-wordpress\/ -->\n<title>Gren ehitab Eestisse elektriv\u00f5rgu t\u00f6\u00f6kindluse tagamiseks kaks uut elektrijaama - Gren Eesti<\/title>\n<meta name=\"robots\" content=\"index, follow, max-snippet:-1, max-image-preview:large, max-video-preview:-1\" \/>\n<link rel=\"canonical\" href=\"https:\/\/gren.com\/ee\/uudised\/gren-ehitab-eestisse-elektrivorgu-tookindluse-tagamiseks-kaks-uut-elektrijaama\/\" \/>\n<meta property=\"og:locale\" content=\"en_US\" \/>\n<meta property=\"og:type\" content=\"article\" \/>\n<meta property=\"og:title\" content=\"Gren ehitab Eestisse elektriv\u00f5rgu t\u00f6\u00f6kindluse tagamiseks kaks uut elektrijaama - Gren Eesti\" \/>\n<meta property=\"og:url\" content=\"https:\/\/gren.com\/ee\/uudised\/gren-ehitab-eestisse-elektrivorgu-tookindluse-tagamiseks-kaks-uut-elektrijaama\/\" \/>\n<meta property=\"og:site_name\" content=\"Gren Eesti\" \/>\n<meta property=\"article:published_time\" content=\"2025-11-17T07:26:27+00:00\" \/>\n<meta property=\"article:modified_time\" content=\"2026-04-07T06:56:23+00:00\" \/>\n<meta property=\"og:image\" content=\"https:\/\/grenweb01.blob.core.windows.net\/gren-web-prod\/sites\/4\/2025\/11\/AdobeStock_222573616-scaled.jpeg\" \/>\n\t<meta property=\"og:image:width\" content=\"2560\" \/>\n\t<meta property=\"og:image:height\" content=\"1707\" \/>\n\t<meta property=\"og:image:type\" content=\"image\/jpeg\" \/>\n<meta name=\"author\" content=\"mailis\" \/>\n<meta name=\"twitter:card\" content=\"summary_large_image\" \/>\n<meta name=\"twitter:label1\" content=\"Written by\" \/>\n\t<meta name=\"twitter:data1\" content=\"mailis\" \/>\n\t<meta name=\"twitter:label2\" content=\"Est. reading time\" \/>\n\t<meta name=\"twitter:data2\" content=\"4 minutes\" \/>\n<script type=\"application\/ld+json\" class=\"yoast-schema-graph\">{\"@context\":\"https:\/\/schema.org\",\"@graph\":[{\"@type\":\"Article\",\"@id\":\"https:\/\/gren.com\/ee\/uudised\/gren-ehitab-eestisse-elektrivorgu-tookindluse-tagamiseks-kaks-uut-elektrijaama\/#article\",\"isPartOf\":{\"@id\":\"https:\/\/gren.com\/ee\/uudised\/gren-ehitab-eestisse-elektrivorgu-tookindluse-tagamiseks-kaks-uut-elektrijaama\/\"},\"author\":{\"name\":\"mailis\",\"@id\":\"https:\/\/gren.com\/ee\/#\/schema\/person\/4a4ae0507665c47bc634dcfed2caf515\"},\"headline\":\"Gren ehitab Eestisse elektriv\u00f5rgu t\u00f6\u00f6kindluse tagamiseks kaks uut elektrijaama\",\"datePublished\":\"2025-11-17T07:26:27+00:00\",\"dateModified\":\"2026-04-07T06:56:23+00:00\",\"mainEntityOfPage\":{\"@id\":\"https:\/\/gren.com\/ee\/uudised\/gren-ehitab-eestisse-elektrivorgu-tookindluse-tagamiseks-kaks-uut-elektrijaama\/\"},\"wordCount\":11,\"image\":{\"@id\":\"https:\/\/gren.com\/ee\/uudised\/gren-ehitab-eestisse-elektrivorgu-tookindluse-tagamiseks-kaks-uut-elektrijaama\/#primaryimage\"},\"thumbnailUrl\":\"https:\/\/grenweb01.blob.core.windows.net\/gren-web-prod\/sites\/4\/2025\/11\/AdobeStock_222573616-scaled.jpeg\",\"keywords\":[\"elektrijaam\",\"elektriv\u00f5rk\",\"gaasijaam\",\"gren\",\"ida-virumaa\",\"investeering\",\"sagedusreserv\",\"tartu\",\"viru\",\"virumaa\"],\"articleSection\":[\"Uudised\"],\"inLanguage\":\"en-US\"},{\"@type\":\"WebPage\",\"@id\":\"https:\/\/gren.com\/ee\/uudised\/gren-ehitab-eestisse-elektrivorgu-tookindluse-tagamiseks-kaks-uut-elektrijaama\/\",\"url\":\"https:\/\/gren.com\/ee\/uudised\/gren-ehitab-eestisse-elektrivorgu-tookindluse-tagamiseks-kaks-uut-elektrijaama\/\",\"name\":\"Gren ehitab Eestisse elektriv\u00f5rgu t\u00f6\u00f6kindluse tagamiseks kaks uut elektrijaama - Gren Eesti\",\"isPartOf\":{\"@id\":\"https:\/\/gren.com\/ee\/#website\"},\"primaryImageOfPage\":{\"@id\":\"https:\/\/gren.com\/ee\/uudised\/gren-ehitab-eestisse-elektrivorgu-tookindluse-tagamiseks-kaks-uut-elektrijaama\/#primaryimage\"},\"image\":{\"@id\":\"https:\/\/gren.com\/ee\/uudised\/gren-ehitab-eestisse-elektrivorgu-tookindluse-tagamiseks-kaks-uut-elektrijaama\/#primaryimage\"},\"thumbnailUrl\":\"https:\/\/grenweb01.blob.core.windows.net\/gren-web-prod\/sites\/4\/2025\/11\/AdobeStock_222573616-scaled.jpeg\",\"datePublished\":\"2025-11-17T07:26:27+00:00\",\"dateModified\":\"2026-04-07T06:56:23+00:00\",\"author\":{\"@id\":\"https:\/\/gren.com\/ee\/#\/schema\/person\/4a4ae0507665c47bc634dcfed2caf515\"},\"breadcrumb\":{\"@id\":\"https:\/\/gren.com\/ee\/uudised\/gren-ehitab-eestisse-elektrivorgu-tookindluse-tagamiseks-kaks-uut-elektrijaama\/#breadcrumb\"},\"inLanguage\":\"en-US\",\"potentialAction\":[{\"@type\":\"ReadAction\",\"target\":[\"https:\/\/gren.com\/ee\/uudised\/gren-ehitab-eestisse-elektrivorgu-tookindluse-tagamiseks-kaks-uut-elektrijaama\/\"]}]},{\"@type\":\"ImageObject\",\"inLanguage\":\"en-US\",\"@id\":\"https:\/\/gren.com\/ee\/uudised\/gren-ehitab-eestisse-elektrivorgu-tookindluse-tagamiseks-kaks-uut-elektrijaama\/#primaryimage\",\"url\":\"https:\/\/grenweb01.blob.core.windows.net\/gren-web-prod\/sites\/4\/2025\/11\/AdobeStock_222573616-scaled.jpeg\",\"contentUrl\":\"https:\/\/grenweb01.blob.core.windows.net\/gren-web-prod\/sites\/4\/2025\/11\/AdobeStock_222573616-scaled.jpeg\",\"width\":2560,\"height\":1707,\"caption\":\"Silhouette High voltage electric tower on sunset time and sky on sunset time background.\"},{\"@type\":\"BreadcrumbList\",\"@id\":\"https:\/\/gren.com\/ee\/uudised\/gren-ehitab-eestisse-elektrivorgu-tookindluse-tagamiseks-kaks-uut-elektrijaama\/#breadcrumb\",\"itemListElement\":[{\"@type\":\"ListItem\",\"position\":1,\"name\":\"Home\",\"item\":\"https:\/\/gren.com\/ee\/\"},{\"@type\":\"ListItem\",\"position\":2,\"name\":\"Gren ehitab Eestisse elektriv\u00f5rgu t\u00f6\u00f6kindluse tagamiseks kaks uut elektrijaama\"}]},{\"@type\":\"WebSite\",\"@id\":\"https:\/\/gren.com\/ee\/#website\",\"url\":\"https:\/\/gren.com\/ee\/\",\"name\":\"Gren Eesti\",\"description\":\"Me oleme rohelise energia ettev\u00f5te\",\"potentialAction\":[{\"@type\":\"SearchAction\",\"target\":{\"@type\":\"EntryPoint\",\"urlTemplate\":\"https:\/\/gren.com\/ee\/?s={search_term_string}\"},\"query-input\":{\"@type\":\"PropertyValueSpecification\",\"valueRequired\":true,\"valueName\":\"search_term_string\"}}],\"inLanguage\":\"en-US\"},{\"@type\":\"Person\",\"@id\":\"https:\/\/gren.com\/ee\/#\/schema\/person\/4a4ae0507665c47bc634dcfed2caf515\",\"name\":\"mailis\"}]}<\/script>\n<!-- \/ Yoast SEO plugin. -->","yoast_head_json":{"title":"Gren ehitab Eestisse elektriv\u00f5rgu t\u00f6\u00f6kindluse tagamiseks kaks uut elektrijaama - Gren Eesti","robots":{"index":"index","follow":"follow","max-snippet":"max-snippet:-1","max-image-preview":"max-image-preview:large","max-video-preview":"max-video-preview:-1"},"canonical":"https:\/\/gren.com\/ee\/uudised\/gren-ehitab-eestisse-elektrivorgu-tookindluse-tagamiseks-kaks-uut-elektrijaama\/","og_locale":"en_US","og_type":"article","og_title":"Gren ehitab Eestisse elektriv\u00f5rgu t\u00f6\u00f6kindluse tagamiseks kaks uut elektrijaama - Gren Eesti","og_url":"https:\/\/gren.com\/ee\/uudised\/gren-ehitab-eestisse-elektrivorgu-tookindluse-tagamiseks-kaks-uut-elektrijaama\/","og_site_name":"Gren Eesti","article_published_time":"2025-11-17T07:26:27+00:00","article_modified_time":"2026-04-07T06:56:23+00:00","og_image":[{"width":2560,"height":1707,"url":"https:\/\/grenweb01.blob.core.windows.net\/gren-web-prod\/sites\/4\/2025\/11\/AdobeStock_222573616-scaled.jpeg","type":"image\/jpeg"}],"author":"mailis","twitter_card":"summary_large_image","twitter_misc":{"Written by":"mailis","Est. reading time":"4 minutes"},"schema":{"@context":"https:\/\/schema.org","@graph":[{"@type":"Article","@id":"https:\/\/gren.com\/ee\/uudised\/gren-ehitab-eestisse-elektrivorgu-tookindluse-tagamiseks-kaks-uut-elektrijaama\/#article","isPartOf":{"@id":"https:\/\/gren.com\/ee\/uudised\/gren-ehitab-eestisse-elektrivorgu-tookindluse-tagamiseks-kaks-uut-elektrijaama\/"},"author":{"name":"mailis","@id":"https:\/\/gren.com\/ee\/#\/schema\/person\/4a4ae0507665c47bc634dcfed2caf515"},"headline":"Gren ehitab Eestisse elektriv\u00f5rgu t\u00f6\u00f6kindluse tagamiseks kaks uut elektrijaama","datePublished":"2025-11-17T07:26:27+00:00","dateModified":"2026-04-07T06:56:23+00:00","mainEntityOfPage":{"@id":"https:\/\/gren.com\/ee\/uudised\/gren-ehitab-eestisse-elektrivorgu-tookindluse-tagamiseks-kaks-uut-elektrijaama\/"},"wordCount":11,"image":{"@id":"https:\/\/gren.com\/ee\/uudised\/gren-ehitab-eestisse-elektrivorgu-tookindluse-tagamiseks-kaks-uut-elektrijaama\/#primaryimage"},"thumbnailUrl":"https:\/\/grenweb01.blob.core.windows.net\/gren-web-prod\/sites\/4\/2025\/11\/AdobeStock_222573616-scaled.jpeg","keywords":["elektrijaam","elektriv\u00f5rk","gaasijaam","gren","ida-virumaa","investeering","sagedusreserv","tartu","viru","virumaa"],"articleSection":["Uudised"],"inLanguage":"en-US"},{"@type":"WebPage","@id":"https:\/\/gren.com\/ee\/uudised\/gren-ehitab-eestisse-elektrivorgu-tookindluse-tagamiseks-kaks-uut-elektrijaama\/","url":"https:\/\/gren.com\/ee\/uudised\/gren-ehitab-eestisse-elektrivorgu-tookindluse-tagamiseks-kaks-uut-elektrijaama\/","name":"Gren ehitab Eestisse elektriv\u00f5rgu t\u00f6\u00f6kindluse tagamiseks kaks uut elektrijaama - Gren Eesti","isPartOf":{"@id":"https:\/\/gren.com\/ee\/#website"},"primaryImageOfPage":{"@id":"https:\/\/gren.com\/ee\/uudised\/gren-ehitab-eestisse-elektrivorgu-tookindluse-tagamiseks-kaks-uut-elektrijaama\/#primaryimage"},"image":{"@id":"https:\/\/gren.com\/ee\/uudised\/gren-ehitab-eestisse-elektrivorgu-tookindluse-tagamiseks-kaks-uut-elektrijaama\/#primaryimage"},"thumbnailUrl":"https:\/\/grenweb01.blob.core.windows.net\/gren-web-prod\/sites\/4\/2025\/11\/AdobeStock_222573616-scaled.jpeg","datePublished":"2025-11-17T07:26:27+00:00","dateModified":"2026-04-07T06:56:23+00:00","author":{"@id":"https:\/\/gren.com\/ee\/#\/schema\/person\/4a4ae0507665c47bc634dcfed2caf515"},"breadcrumb":{"@id":"https:\/\/gren.com\/ee\/uudised\/gren-ehitab-eestisse-elektrivorgu-tookindluse-tagamiseks-kaks-uut-elektrijaama\/#breadcrumb"},"inLanguage":"en-US","potentialAction":[{"@type":"ReadAction","target":["https:\/\/gren.com\/ee\/uudised\/gren-ehitab-eestisse-elektrivorgu-tookindluse-tagamiseks-kaks-uut-elektrijaama\/"]}]},{"@type":"ImageObject","inLanguage":"en-US","@id":"https:\/\/gren.com\/ee\/uudised\/gren-ehitab-eestisse-elektrivorgu-tookindluse-tagamiseks-kaks-uut-elektrijaama\/#primaryimage","url":"https:\/\/grenweb01.blob.core.windows.net\/gren-web-prod\/sites\/4\/2025\/11\/AdobeStock_222573616-scaled.jpeg","contentUrl":"https:\/\/grenweb01.blob.core.windows.net\/gren-web-prod\/sites\/4\/2025\/11\/AdobeStock_222573616-scaled.jpeg","width":2560,"height":1707,"caption":"Silhouette High voltage electric tower on sunset time and sky on sunset time background."},{"@type":"BreadcrumbList","@id":"https:\/\/gren.com\/ee\/uudised\/gren-ehitab-eestisse-elektrivorgu-tookindluse-tagamiseks-kaks-uut-elektrijaama\/#breadcrumb","itemListElement":[{"@type":"ListItem","position":1,"name":"Home","item":"https:\/\/gren.com\/ee\/"},{"@type":"ListItem","position":2,"name":"Gren ehitab Eestisse elektriv\u00f5rgu t\u00f6\u00f6kindluse tagamiseks kaks uut elektrijaama"}]},{"@type":"WebSite","@id":"https:\/\/gren.com\/ee\/#website","url":"https:\/\/gren.com\/ee\/","name":"Gren Eesti","description":"Me oleme rohelise energia ettev\u00f5te","potentialAction":[{"@type":"SearchAction","target":{"@type":"EntryPoint","urlTemplate":"https:\/\/gren.com\/ee\/?s={search_term_string}"},"query-input":{"@type":"PropertyValueSpecification","valueRequired":true,"valueName":"search_term_string"}}],"inLanguage":"en-US"},{"@type":"Person","@id":"https:\/\/gren.com\/ee\/#\/schema\/person\/4a4ae0507665c47bc634dcfed2caf515","name":"mailis"}]}},"_links":{"self":[{"href":"https:\/\/gren.com\/ee\/wp-json\/wp\/v2\/posts\/16913","targetHints":{"allow":["GET"]}}],"collection":[{"href":"https:\/\/gren.com\/ee\/wp-json\/wp\/v2\/posts"}],"about":[{"href":"https:\/\/gren.com\/ee\/wp-json\/wp\/v2\/types\/post"}],"author":[{"embeddable":true,"href":"https:\/\/gren.com\/ee\/wp-json\/wp\/v2\/users\/22"}],"replies":[{"embeddable":true,"href":"https:\/\/gren.com\/ee\/wp-json\/wp\/v2\/comments?post=16913"}],"version-history":[{"count":4,"href":"https:\/\/gren.com\/ee\/wp-json\/wp\/v2\/posts\/16913\/revisions"}],"predecessor-version":[{"id":17139,"href":"https:\/\/gren.com\/ee\/wp-json\/wp\/v2\/posts\/16913\/revisions\/17139"}],"wp:featuredmedia":[{"embeddable":true,"href":"https:\/\/gren.com\/ee\/wp-json\/wp\/v2\/media\/16914"}],"wp:attachment":[{"href":"https:\/\/gren.com\/ee\/wp-json\/wp\/v2\/media?parent=16913"}],"wp:term":[{"taxonomy":"category","embeddable":true,"href":"https:\/\/gren.com\/ee\/wp-json\/wp\/v2\/categories?post=16913"},{"taxonomy":"post_tag","embeddable":true,"href":"https:\/\/gren.com\/ee\/wp-json\/wp\/v2\/tags?post=16913"}],"curies":[{"name":"wp","href":"https:\/\/api.w.org\/{rel}","templated":true}]}}