{"id":16958,"date":"2025-11-26T13:10:18","date_gmt":"2025-11-26T11:10:18","guid":{"rendered":"https:\/\/gren.com\/ee\/?p=16958"},"modified":"2025-11-26T13:10:19","modified_gmt":"2025-11-26T11:10:19","slug":"gren-langetab-tartus-ja-viljandis-soojuse-hinda","status":"publish","type":"post","link":"https:\/\/gren.com\/ee\/uudised\/gren-langetab-tartus-ja-viljandis-soojuse-hinda\/","title":{"rendered":"Gren langetab Tartus ja Viljandis soojuse hinda"},"content":{"rendered":"<style type=\"text\/css\">.page-hero{padding:140px 0 30px;position:relative}.page-hero-content{max-width:300px}.page-hero h4,.page-hero p{font-size:16px;font-weight:400;line-height:24px}.page-hero .date{margin-top:24px;color:#fff;font-size:20px}.page-hero-video-wrap{position:absolute;top:0;left:0;width:100%;height:100%;z-index:-1;overflow:hidden}.page-hero-video{width:100%;height:100%;object-fit:cover}@media(min-width: 576px){.page-hero-content{max-width:850px}}@media(min-width: 992px){.page-hero{padding:210px 0 64px}.page-hero h4,.page-hero p{font-size:24px;line-height:30px}}\n\n\/*# sourceMappingURL=block-page-hero.min.css.map*\/<\/style><section id=\"page-hero-block_1002e95733c1b50656b04c6911a85812\" class=\"block page-hero\" style=\"background: url(https:\/\/grenweb01.blob.core.windows.net\/gren-web-prod\/sites\/4\/2024\/01\/hero-bg-1.jpg) no-repeat center\/cover\">\n\t<div class=\"container\"  data-block-animate>\n\t\t\t\t\t<div class=\"page-hero-content text-wrap\"  data-animate-part>\n\t\t\t\t<h1><span style=\"color: #ffffff\">Gren langetab Tartus ja Viljandis soojuse hinda<\/span><\/h1>\n\n                <div class=\"date\">26.11.25<\/div>\t\t\t<\/div>\n\t\t\t<\/div>\n<\/section>\n\n<style type=\"text\/css\">.full-width-written-content p>a{font-weight:700}\n\n\/*# sourceMappingURL=block-full-width-written-content.min.css.map*\/<\/style><section id=\"full-width-written-content-block_f467cc1618c81341555bccbdc5666f04\" class=\"block full-width-written-content\">\n\t<div class=\"container\" data-block-animate>\n\t\t<div class=\"text-wrap\" data-animate-part><p><strong>Gren muudab 1. detsembrist 2025 Tartu ja Viljandi kaugk\u00fcttepiirkonnas soojuse hinda. Tartus seni kehtinud soojuse m\u00fc\u00fcgihind 64,69 eurot MWh eest langeb kolm ja pool protsenti 62,41 euroni MWh eest. Viljandis seni kehtinud soojuse m\u00fc\u00fcgihind 74,42 eurot MWh eest langeb kaks protsenti 72,94 euroni MWh eest. Hindadele lisandub k\u00e4ibemaks.<\/strong><\/p>\n<p>Greni Eesti \u00e4ride juhi <strong>Margo K\u00fclaotsa<\/strong> s\u00f5nul on seekordne kaugk\u00fcttehinna langus tingitud eelk\u00f5ige stabiliseerunud k\u00fctusehindadest. Samas t\u00f5deb ta, et kaugk\u00fcttehind ei s\u00f5ltu ainult k\u00fctuse hindadest, vaid Gren on aastate jooksul teinud \u00e4ra suure t\u00f6\u00f6 ning investeerinud raha nii k\u00fcttetrasside renoveerimisse kui t\u00e4nap\u00e4evastesse tootmislahendustesse. K\u00fclaots nendib, et \u00fchelt poolt suurendavad investeeringud ettev\u00f5tte kulutusi, kuid teisalt v\u00f5imaldavad korras k\u00fcttetrassid ja kaasaegsed tehnilised lahendused energiakulusid kokku hoida.<\/p>\n<p>K\u00f5ige odavamalt pakub Gren praegu peamiselt heitsoojusel p\u00f5hinevat kaugk\u00fctet Kohtla-J\u00e4rve, Sompa, J\u00f5hvi ja Ahtme piirkonnas, kus soojuse m\u00fc\u00fcgihind on 62,78 eurot MWh eest, olles p\u00fcsinud sellel tasemel 2023. aasta novembrist. P\u00e4rnus on hetkel soojuse m\u00fc\u00fcgihind 68,76 eurot MWh eest ja viimati langes see 2025. aasta m\u00e4rtsis kaheksa protsenti, viimase kahe aastaga on kaugk\u00fcttehind P\u00e4rnus langenud aga lausa 12 protsenti. Eesti keskmine kaugk\u00fctte soojuse m\u00fc\u00fcgihind k\u00f5ikide teenusepakkujate l\u00f5ikes on hetkel 85,13 eurot MWh eest.<\/p>\n<p>Greni kaugk\u00fcttehindade muutustega aastate l\u00f5ikes saab tutvuda <a href=\"https:\/\/eur05.safelinks.protection.outlook.com\/?url=https%3A%2F%2Fgren.com%2Fee%2Fkliendile%2Fkaugkutte-hinnad-aastate-loikes%2F&amp;data=05%7C02%7Cmailis.meesak%40gren.com%7C2a5fd6c91caa4315c8f408de2cce888c%7C6ee9523a526e4729b6fe5b6ab11600b7%7C0%7C0%7C638997462715510965%7CUnknown%7CTWFpbGZsb3d8eyJFbXB0eU1hcGkiOnRydWUsIlYiOiIwLjAuMDAwMCIsIlAiOiJXaW4zMiIsIkFOIjoiTWFpbCIsIldUIjoyfQ%3D%3D%7C0%7C%7C%7C&amp;sdata=%2BHjxN%2FZR%2FBEspQZpnzOwuBbU2M7jaLDR9WTSgA%2FL%2BOM%3D&amp;reserved=0\">Greni kodulehel<\/a>.<\/p>\n<\/div>\t<\/div>\n<\/section>","protected":false},"excerpt":{"rendered":"","protected":false},"author":22,"featured_media":10966,"comment_status":"closed","ping_status":"closed","sticky":false,"template":"","format":"standard","meta":{"_acf_changed":false,"footnotes":""},"categories":[1],"tags":[9,8,6,10],"class_list":["post-16958","post","type-post","status-publish","format-standard","has-post-thumbnail","hentry","category-uudised","tag-gren","tag-kaugkute","tag-kuttevork","tag-tartu"],"acf":[],"yoast_head":"<!-- This site is optimized with the Yoast SEO plugin v26.8 - https:\/\/yoast.com\/product\/yoast-seo-wordpress\/ -->\n<title>Gren langetab Tartus ja Viljandis soojuse hinda - Gren Eesti<\/title>\n<meta name=\"robots\" content=\"index, follow, max-snippet:-1, max-image-preview:large, max-video-preview:-1\" \/>\n<link rel=\"canonical\" href=\"https:\/\/gren.com\/ee\/uudised\/gren-langetab-tartus-ja-viljandis-soojuse-hinda\/\" \/>\n<meta property=\"og:locale\" content=\"en_US\" \/>\n<meta property=\"og:type\" content=\"article\" \/>\n<meta property=\"og:title\" content=\"Gren langetab Tartus ja Viljandis soojuse hinda - Gren Eesti\" \/>\n<meta property=\"og:url\" content=\"https:\/\/gren.com\/ee\/uudised\/gren-langetab-tartus-ja-viljandis-soojuse-hinda\/\" \/>\n<meta property=\"og:site_name\" content=\"Gren Eesti\" \/>\n<meta property=\"article:published_time\" content=\"2025-11-26T11:10:18+00:00\" \/>\n<meta property=\"article:modified_time\" content=\"2025-11-26T11:10:19+00:00\" \/>\n<meta property=\"og:image\" content=\"https:\/\/grenweb01.blob.core.windows.net\/gren-web-prod\/sites\/4\/2024\/01\/hero-bg-1.jpg\" \/>\n\t<meta property=\"og:image:width\" content=\"1600\" \/>\n\t<meta property=\"og:image:height\" content=\"1199\" \/>\n\t<meta property=\"og:image:type\" content=\"image\/jpeg\" \/>\n<meta name=\"author\" content=\"mailis\" \/>\n<meta name=\"twitter:card\" content=\"summary_large_image\" \/>\n<meta name=\"twitter:label1\" content=\"Written by\" \/>\n\t<meta name=\"twitter:data1\" content=\"mailis\" \/>\n\t<meta name=\"twitter:label2\" content=\"Est. reading time\" \/>\n\t<meta name=\"twitter:data2\" content=\"2 minutes\" \/>\n<script type=\"application\/ld+json\" class=\"yoast-schema-graph\">{\"@context\":\"https:\/\/schema.org\",\"@graph\":[{\"@type\":\"Article\",\"@id\":\"https:\/\/gren.com\/ee\/uudised\/gren-langetab-tartus-ja-viljandis-soojuse-hinda\/#article\",\"isPartOf\":{\"@id\":\"https:\/\/gren.com\/ee\/uudised\/gren-langetab-tartus-ja-viljandis-soojuse-hinda\/\"},\"author\":{\"name\":\"mailis\",\"@id\":\"https:\/\/gren.com\/ee\/#\/schema\/person\/4a4ae0507665c47bc634dcfed2caf515\"},\"headline\":\"Gren langetab Tartus ja Viljandis soojuse hinda\",\"datePublished\":\"2025-11-26T11:10:18+00:00\",\"dateModified\":\"2025-11-26T11:10:19+00:00\",\"mainEntityOfPage\":{\"@id\":\"https:\/\/gren.com\/ee\/uudised\/gren-langetab-tartus-ja-viljandis-soojuse-hinda\/\"},\"wordCount\":7,\"image\":{\"@id\":\"https:\/\/gren.com\/ee\/uudised\/gren-langetab-tartus-ja-viljandis-soojuse-hinda\/#primaryimage\"},\"thumbnailUrl\":\"https:\/\/grenweb01.blob.core.windows.net\/gren-web-prod\/sites\/4\/2024\/01\/hero-bg-1.jpg\",\"keywords\":[\"gren\",\"kaugk\u00fcte\",\"k\u00fcttev\u00f5rk\",\"tartu\"],\"articleSection\":[\"Uudised\"],\"inLanguage\":\"en-US\"},{\"@type\":\"WebPage\",\"@id\":\"https:\/\/gren.com\/ee\/uudised\/gren-langetab-tartus-ja-viljandis-soojuse-hinda\/\",\"url\":\"https:\/\/gren.com\/ee\/uudised\/gren-langetab-tartus-ja-viljandis-soojuse-hinda\/\",\"name\":\"Gren langetab Tartus ja Viljandis soojuse hinda - Gren Eesti\",\"isPartOf\":{\"@id\":\"https:\/\/gren.com\/ee\/#website\"},\"primaryImageOfPage\":{\"@id\":\"https:\/\/gren.com\/ee\/uudised\/gren-langetab-tartus-ja-viljandis-soojuse-hinda\/#primaryimage\"},\"image\":{\"@id\":\"https:\/\/gren.com\/ee\/uudised\/gren-langetab-tartus-ja-viljandis-soojuse-hinda\/#primaryimage\"},\"thumbnailUrl\":\"https:\/\/grenweb01.blob.core.windows.net\/gren-web-prod\/sites\/4\/2024\/01\/hero-bg-1.jpg\",\"datePublished\":\"2025-11-26T11:10:18+00:00\",\"dateModified\":\"2025-11-26T11:10:19+00:00\",\"author\":{\"@id\":\"https:\/\/gren.com\/ee\/#\/schema\/person\/4a4ae0507665c47bc634dcfed2caf515\"},\"breadcrumb\":{\"@id\":\"https:\/\/gren.com\/ee\/uudised\/gren-langetab-tartus-ja-viljandis-soojuse-hinda\/#breadcrumb\"},\"inLanguage\":\"en-US\",\"potentialAction\":[{\"@type\":\"ReadAction\",\"target\":[\"https:\/\/gren.com\/ee\/uudised\/gren-langetab-tartus-ja-viljandis-soojuse-hinda\/\"]}]},{\"@type\":\"ImageObject\",\"inLanguage\":\"en-US\",\"@id\":\"https:\/\/gren.com\/ee\/uudised\/gren-langetab-tartus-ja-viljandis-soojuse-hinda\/#primaryimage\",\"url\":\"https:\/\/grenweb01.blob.core.windows.net\/gren-web-prod\/sites\/4\/2024\/01\/hero-bg-1.jpg\",\"contentUrl\":\"https:\/\/grenweb01.blob.core.windows.net\/gren-web-prod\/sites\/4\/2024\/01\/hero-bg-1.jpg\",\"width\":1600,\"height\":1199,\"caption\":\"We are Gren\"},{\"@type\":\"BreadcrumbList\",\"@id\":\"https:\/\/gren.com\/ee\/uudised\/gren-langetab-tartus-ja-viljandis-soojuse-hinda\/#breadcrumb\",\"itemListElement\":[{\"@type\":\"ListItem\",\"position\":1,\"name\":\"Home\",\"item\":\"https:\/\/gren.com\/ee\/\"},{\"@type\":\"ListItem\",\"position\":2,\"name\":\"Gren langetab Tartus ja Viljandis soojuse hinda\"}]},{\"@type\":\"WebSite\",\"@id\":\"https:\/\/gren.com\/ee\/#website\",\"url\":\"https:\/\/gren.com\/ee\/\",\"name\":\"Gren Eesti\",\"description\":\"Me oleme rohelise energia ettev\u00f5te\",\"potentialAction\":[{\"@type\":\"SearchAction\",\"target\":{\"@type\":\"EntryPoint\",\"urlTemplate\":\"https:\/\/gren.com\/ee\/?s={search_term_string}\"},\"query-input\":{\"@type\":\"PropertyValueSpecification\",\"valueRequired\":true,\"valueName\":\"search_term_string\"}}],\"inLanguage\":\"en-US\"},{\"@type\":\"Person\",\"@id\":\"https:\/\/gren.com\/ee\/#\/schema\/person\/4a4ae0507665c47bc634dcfed2caf515\",\"name\":\"mailis\"}]}<\/script>\n<!-- \/ Yoast SEO plugin. -->","yoast_head_json":{"title":"Gren langetab Tartus ja Viljandis soojuse hinda - Gren Eesti","robots":{"index":"index","follow":"follow","max-snippet":"max-snippet:-1","max-image-preview":"max-image-preview:large","max-video-preview":"max-video-preview:-1"},"canonical":"https:\/\/gren.com\/ee\/uudised\/gren-langetab-tartus-ja-viljandis-soojuse-hinda\/","og_locale":"en_US","og_type":"article","og_title":"Gren langetab Tartus ja Viljandis soojuse hinda - Gren Eesti","og_url":"https:\/\/gren.com\/ee\/uudised\/gren-langetab-tartus-ja-viljandis-soojuse-hinda\/","og_site_name":"Gren Eesti","article_published_time":"2025-11-26T11:10:18+00:00","article_modified_time":"2025-11-26T11:10:19+00:00","og_image":[{"width":1600,"height":1199,"url":"https:\/\/grenweb01.blob.core.windows.net\/gren-web-prod\/sites\/4\/2024\/01\/hero-bg-1.jpg","type":"image\/jpeg"}],"author":"mailis","twitter_card":"summary_large_image","twitter_misc":{"Written by":"mailis","Est. reading time":"2 minutes"},"schema":{"@context":"https:\/\/schema.org","@graph":[{"@type":"Article","@id":"https:\/\/gren.com\/ee\/uudised\/gren-langetab-tartus-ja-viljandis-soojuse-hinda\/#article","isPartOf":{"@id":"https:\/\/gren.com\/ee\/uudised\/gren-langetab-tartus-ja-viljandis-soojuse-hinda\/"},"author":{"name":"mailis","@id":"https:\/\/gren.com\/ee\/#\/schema\/person\/4a4ae0507665c47bc634dcfed2caf515"},"headline":"Gren langetab Tartus ja Viljandis soojuse hinda","datePublished":"2025-11-26T11:10:18+00:00","dateModified":"2025-11-26T11:10:19+00:00","mainEntityOfPage":{"@id":"https:\/\/gren.com\/ee\/uudised\/gren-langetab-tartus-ja-viljandis-soojuse-hinda\/"},"wordCount":7,"image":{"@id":"https:\/\/gren.com\/ee\/uudised\/gren-langetab-tartus-ja-viljandis-soojuse-hinda\/#primaryimage"},"thumbnailUrl":"https:\/\/grenweb01.blob.core.windows.net\/gren-web-prod\/sites\/4\/2024\/01\/hero-bg-1.jpg","keywords":["gren","kaugk\u00fcte","k\u00fcttev\u00f5rk","tartu"],"articleSection":["Uudised"],"inLanguage":"en-US"},{"@type":"WebPage","@id":"https:\/\/gren.com\/ee\/uudised\/gren-langetab-tartus-ja-viljandis-soojuse-hinda\/","url":"https:\/\/gren.com\/ee\/uudised\/gren-langetab-tartus-ja-viljandis-soojuse-hinda\/","name":"Gren langetab Tartus ja Viljandis soojuse hinda - Gren Eesti","isPartOf":{"@id":"https:\/\/gren.com\/ee\/#website"},"primaryImageOfPage":{"@id":"https:\/\/gren.com\/ee\/uudised\/gren-langetab-tartus-ja-viljandis-soojuse-hinda\/#primaryimage"},"image":{"@id":"https:\/\/gren.com\/ee\/uudised\/gren-langetab-tartus-ja-viljandis-soojuse-hinda\/#primaryimage"},"thumbnailUrl":"https:\/\/grenweb01.blob.core.windows.net\/gren-web-prod\/sites\/4\/2024\/01\/hero-bg-1.jpg","datePublished":"2025-11-26T11:10:18+00:00","dateModified":"2025-11-26T11:10:19+00:00","author":{"@id":"https:\/\/gren.com\/ee\/#\/schema\/person\/4a4ae0507665c47bc634dcfed2caf515"},"breadcrumb":{"@id":"https:\/\/gren.com\/ee\/uudised\/gren-langetab-tartus-ja-viljandis-soojuse-hinda\/#breadcrumb"},"inLanguage":"en-US","potentialAction":[{"@type":"ReadAction","target":["https:\/\/gren.com\/ee\/uudised\/gren-langetab-tartus-ja-viljandis-soojuse-hinda\/"]}]},{"@type":"ImageObject","inLanguage":"en-US","@id":"https:\/\/gren.com\/ee\/uudised\/gren-langetab-tartus-ja-viljandis-soojuse-hinda\/#primaryimage","url":"https:\/\/grenweb01.blob.core.windows.net\/gren-web-prod\/sites\/4\/2024\/01\/hero-bg-1.jpg","contentUrl":"https:\/\/grenweb01.blob.core.windows.net\/gren-web-prod\/sites\/4\/2024\/01\/hero-bg-1.jpg","width":1600,"height":1199,"caption":"We are Gren"},{"@type":"BreadcrumbList","@id":"https:\/\/gren.com\/ee\/uudised\/gren-langetab-tartus-ja-viljandis-soojuse-hinda\/#breadcrumb","itemListElement":[{"@type":"ListItem","position":1,"name":"Home","item":"https:\/\/gren.com\/ee\/"},{"@type":"ListItem","position":2,"name":"Gren langetab Tartus ja Viljandis soojuse hinda"}]},{"@type":"WebSite","@id":"https:\/\/gren.com\/ee\/#website","url":"https:\/\/gren.com\/ee\/","name":"Gren Eesti","description":"Me oleme rohelise energia ettev\u00f5te","potentialAction":[{"@type":"SearchAction","target":{"@type":"EntryPoint","urlTemplate":"https:\/\/gren.com\/ee\/?s={search_term_string}"},"query-input":{"@type":"PropertyValueSpecification","valueRequired":true,"valueName":"search_term_string"}}],"inLanguage":"en-US"},{"@type":"Person","@id":"https:\/\/gren.com\/ee\/#\/schema\/person\/4a4ae0507665c47bc634dcfed2caf515","name":"mailis"}]}},"_links":{"self":[{"href":"https:\/\/gren.com\/ee\/wp-json\/wp\/v2\/posts\/16958","targetHints":{"allow":["GET"]}}],"collection":[{"href":"https:\/\/gren.com\/ee\/wp-json\/wp\/v2\/posts"}],"about":[{"href":"https:\/\/gren.com\/ee\/wp-json\/wp\/v2\/types\/post"}],"author":[{"embeddable":true,"href":"https:\/\/gren.com\/ee\/wp-json\/wp\/v2\/users\/22"}],"replies":[{"embeddable":true,"href":"https:\/\/gren.com\/ee\/wp-json\/wp\/v2\/comments?post=16958"}],"version-history":[{"count":1,"href":"https:\/\/gren.com\/ee\/wp-json\/wp\/v2\/posts\/16958\/revisions"}],"predecessor-version":[{"id":16959,"href":"https:\/\/gren.com\/ee\/wp-json\/wp\/v2\/posts\/16958\/revisions\/16959"}],"wp:featuredmedia":[{"embeddable":true,"href":"https:\/\/gren.com\/ee\/wp-json\/wp\/v2\/media\/10966"}],"wp:attachment":[{"href":"https:\/\/gren.com\/ee\/wp-json\/wp\/v2\/media?parent=16958"}],"wp:term":[{"taxonomy":"category","embeddable":true,"href":"https:\/\/gren.com\/ee\/wp-json\/wp\/v2\/categories?post=16958"},{"taxonomy":"post_tag","embeddable":true,"href":"https:\/\/gren.com\/ee\/wp-json\/wp\/v2\/tags?post=16958"}],"curies":[{"name":"wp","href":"https:\/\/api.w.org\/{rel}","templated":true}]}}