{"id":9788,"date":"2021-07-05T13:51:00","date_gmt":"2021-07-05T10:51:00","guid":{"rendered":"https:\/\/web-staging.gren.com\/est\/?p=9788"},"modified":"2026-04-07T09:54:12","modified_gmt":"2026-04-07T06:54:12","slug":"pohja-euroopa-kaugkutteettevote-jatkab-tegevust-uue-nimega-gren","status":"publish","type":"post","link":"https:\/\/gren.com\/ee\/uudised\/pohja-euroopa-kaugkutteettevote-jatkab-tegevust-uue-nimega-gren\/","title":{"rendered":"P\u00f5hja-Euroopa kaugk\u00fctteettev\u00f5te j\u00e4tkab tegevust uue nimega Gren"},"content":{"rendered":"<style type=\"text\/css\">.page-hero{padding:140px 0 30px;position:relative}.page-hero-content{max-width:300px}.page-hero h4,.page-hero p{font-size:16px;font-weight:400;line-height:24px}.page-hero .date{margin-top:24px;color:#fff;font-size:20px}.page-hero-video-wrap{position:absolute;top:0;left:0;width:100%;height:100%;z-index:-1;overflow:hidden}.page-hero-video{width:100%;height:100%;object-fit:cover}@media(min-width: 576px){.page-hero-content{max-width:850px}}@media(min-width: 992px){.page-hero{padding:210px 0 64px}.page-hero h4,.page-hero p{font-size:24px;line-height:30px}}\n\n\/*# sourceMappingURL=block-page-hero.min.css.map*\/<\/style><section id=\"page-hero-block_b78744ec1f3cd58c6a384b4749dd4b7f\" class=\"block page-hero\" style=\"background: url(https:\/\/grenweb01.blob.core.windows.net\/gren-web-prod\/sites\/4\/2024\/01\/hero-bg-1.jpg) no-repeat center\/cover\">\n\t<div class=\"container\"  data-block-animate>\n\t\t\t\t\t<div class=\"page-hero-content text-wrap\"  data-animate-part>\n\t\t\t\t<h1><span style=\"color: #ffffff\">P\u00f5hja-Euroopa kaugk\u00fctteettev\u00f5te j\u00e4tkab tegevust uue nimega Gren<\/span><\/h1>\n\n                <div class=\"date\">05.07.21<\/div>\t\t\t<\/div>\n\t\t\t<\/div>\n<\/section>\n\n<style type=\"text\/css\">.full-width-written-content p>a{font-weight:700}\n\n\/*# sourceMappingURL=block-full-width-written-content.min.css.map*\/<\/style><section id=\"full-width-written-content-block_a959703daab97d2b129e0c85aa5b8684\" class=\"block full-width-written-content\">\n\t<div class=\"container\" data-block-animate>\n\t\t<div class=\"text-wrap\" data-animate-part><p><strong>PRESSITEADE<\/strong><\/p>\n<p><strong>P\u00f5hja-Euroopa kaugk\u00fctteettev\u00f5te j\u00e4tkab tegevust uue nimega Gren<\/strong><\/p>\n<p><strong>Fortumi Baltikumi k\u00fctte- ja jahutus\u00e4ri, mille hiljuti soetas klientide nimel tegutsev globaalne investeerimisfond Partners Group, j\u00e4tkab alates 5. juulist 2021 tegevust uue nimega Gren. Gren keskendub j\u00e4tkusuutlike energialahenduste v\u00e4ljat\u00f6\u00f6tamisele ja pakkumisele, peamiselt kaugk\u00fcttele, kasutades taastuvaid energiaallikaid ja kohalikke ressursse, et toetada kohalike kogukondade vajadusi ja pakkuda mugavust nende igap\u00e4evaellu, avaldades samas positiivset m\u00f5ju keskkonnale.<\/strong><\/p>\n<p>Greni n\u00f5ukogu esimehel Matti Viljol on hea meel Greni tutvustada. \u201cOleme uus br\u00e4nd, kuid samal ajal tunnevad meie kliendid, partnerid ja muud sidusr\u00fchmad meid v\u00e4ga h\u00e4sti. Meie ettev\u00f5tted on Baltikumi energiaturul tegutsenud juba aastak\u00fcmneid. J\u00e4tkame tegevust ja teenindame k\u00f5iki kliente samade teenuste ja pakkumistega. Meie pikaajalisem eesm\u00e4rk on teenuseid laiendada ja kasvada koos klientidega veelgi j\u00e4tkusuutlikumaks,\u201d \u00fctles Matti Viljo.<\/p>\n<p>Tegevuste j\u00e4tkamine uue nime all on esimene samm strateegias. Partners Groupil on pikaajalised kogemused infrastruktuuri platvormide ehitamisel ning varade suurendamisel l\u00e4bi roheprojektide ja strateegiliste omandamiste. Pikaajalisem eesm\u00e4rk on liikuda lisaks kaugk\u00fcttele ja -jahutusele t\u00f6\u00f6stus- ja \u00e4riklientidele kliendikesksete energialahenduste pakkujaks.<\/p>\n<p>Eestis pakub Gren koostootmisjaamades kohalikest ja taastuvatest ressurssidest toodetud puhast ja usaldusv\u00e4\u00e4rset kaugk\u00fctet ligikaudu 1 600 kliendile ja 72 000 l\u00f5pptarbijale Tartus ning umbes 890 kliendile ja 19 000 l\u00f5pptarbijale P\u00e4rnus. P\u00e4rnu ja Tartu \u00e4riklientidele pakutakse ka keskkonnas\u00f5bralikku kaugjahutust, mida toodetakse j\u00f5eveest t\u00e4nap\u00e4evastes kaugjahutusjaamades. Muud Greni teenused Eestis h\u00f5lmavad auru ja otseelektrit t\u00f6\u00f6stustarbijatele.<\/p>\n<p>Margo K\u00fclaots, Gren Eesti ja Gren Tartu juht, s\u00f5nas: \u201eMeil on Tartus ja P\u00e4rnus innovatiivne ja t\u00f5hus kaugk\u00fctte- ja jahutus\u00e4ri. Fortumina arenesime P\u00e4rnus ja Tartus 20 aastaga innovatiivseks ja t\u00f5husaks kaugk\u00fctte- ja jahutus\u00e4rideks. Uue br\u00e4ndi ja nime all j\u00e4tkame neid tegevusi, pakkudes klientidele stabiilsust ja mugavust ning panustades meie kogukondade arengusse ja tulevikku.\u201c<\/p>\n<p>Lisaks P\u00e4rnule ja Tartule, j\u00e4tkab Gren tegevust L\u00e4tis, Jelgavas, kus toodetakse biomassil p\u00f5hineval koostootmisjaamas puhast kaugk\u00fctet umbes 16 000 majapidamisele ja 173 \u00e4rikliendile. Daugavpilsis pakub Gren konkurentsiv\u00f5imelist soojust linna kaugk\u00fcttev\u00f5rgu operaatorile. Leedus varustab Gren Klaipeda ja Kaunase linna kaugk\u00fctteettev\u00f5tteid soojusenergiaga, mis on toodetud koostootmisjaamades, mis kasutavad k\u00fctusena olmepr\u00fcgi. Joni\u0161kises ja \u0160ven\u010dionyses teenindab Gren oma kliente t\u00f5husa ja j\u00e4tkusuutliku kaugk\u00fcttega, mida toodetakse kohalikest biok\u00fctustest.<\/p>\n<p>Gren j\u00e4tkab k\u00f5iki Fortumi Baltikumi k\u00fctte- ja jahutusettev\u00f5tete varem pakutavaid tegevusi ja teenuseid. Omanike vahetus ning br\u00e4ndi ja nime muudatus ei m\u00f5juta kliente, partnereid, muid sidusr\u00fchmi ega ka teenuste ja toodete hindu.<\/p>\n<h4>Gren<\/h4>\n<p>P\u00f5hja-Euroopa energia ettev\u00f5te Gren keskendub s\u00e4\u00e4stvate energialahenduste, peamiselt kaugk\u00fctte v\u00e4ljat\u00f6\u00f6tamisele ja pakkumisele, et toetada kohalike kogukondade igap\u00e4evaelu vajadusi, avaldades samal ajal positiivset m\u00f5ju keskkonnale. Gren loodi 2021. aastal investeerimisfondi Partners Group poolt p\u00e4rast Fortumi Baltimaade kaugk\u00fctte- ja jahutusettev\u00f5tete omandamist.<\/p>\n<p>Lisateavet Greni kohta leiate meie veebilehelt: <a href=\"http:\/\/www.gren.com\">www.gren.com<\/a>; <a href=\"http:\/\/www.gren.ee\">www.gren.ee<\/a><\/p>\n<p>Lisainfo:<\/p>\n<p>Margo K\u00fclaots<\/p>\n<p>Gren Eesti ja Gren Tartu juht<\/p>\n<p><a href=\"mailto:margo.kulaots@gren.com\">margo.kulaots@gren.com<\/a><\/p>\n<p><a href=\"tel:+3725052986\">+372 505 2986<\/a><\/p>\n<\/div>\t<\/div>\n<\/section>","protected":false},"excerpt":{"rendered":"","protected":false},"author":1,"featured_media":1957,"comment_status":"closed","ping_status":"closed","sticky":false,"template":"","format":"standard","meta":{"_acf_changed":false,"footnotes":""},"categories":[1],"tags":[],"class_list":["post-9788","post","type-post","status-publish","format-standard","has-post-thumbnail","hentry","category-uudised"],"acf":[],"yoast_head":"<!-- This site is optimized with the Yoast SEO plugin v26.8 - https:\/\/yoast.com\/product\/yoast-seo-wordpress\/ -->\n<title>P\u00f5hja-Euroopa kaugk\u00fctteettev\u00f5te j\u00e4tkab tegevust uue nimega Gren - Gren Eesti<\/title>\n<meta name=\"robots\" content=\"index, follow, max-snippet:-1, max-image-preview:large, max-video-preview:-1\" \/>\n<link rel=\"canonical\" href=\"https:\/\/gren.com\/ee\/uudised\/pohja-euroopa-kaugkutteettevote-jatkab-tegevust-uue-nimega-gren\/\" \/>\n<meta property=\"og:locale\" content=\"en_US\" \/>\n<meta property=\"og:type\" content=\"article\" \/>\n<meta property=\"og:title\" content=\"P\u00f5hja-Euroopa kaugk\u00fctteettev\u00f5te j\u00e4tkab tegevust uue nimega Gren - Gren Eesti\" \/>\n<meta property=\"og:url\" content=\"https:\/\/gren.com\/ee\/uudised\/pohja-euroopa-kaugkutteettevote-jatkab-tegevust-uue-nimega-gren\/\" \/>\n<meta property=\"og:site_name\" content=\"Gren Eesti\" \/>\n<meta property=\"article:published_time\" content=\"2021-07-05T10:51:00+00:00\" \/>\n<meta property=\"article:modified_time\" content=\"2026-04-07T06:54:12+00:00\" \/>\n<meta property=\"og:image\" content=\"https:\/\/grenweb01.blob.core.windows.net\/gren-web-production\/2021\/06\/gren_social_1200x630px.png\" \/>\n\t<meta property=\"og:image:width\" content=\"1200\" \/>\n\t<meta property=\"og:image:height\" content=\"630\" \/>\n\t<meta property=\"og:image:type\" content=\"image\/png\" \/>\n<meta name=\"author\" content=\"Cube Agency\" \/>\n<meta name=\"twitter:card\" content=\"summary_large_image\" \/>\n<meta name=\"twitter:label1\" content=\"Written by\" \/>\n\t<meta name=\"twitter:data1\" content=\"Cube Agency\" \/>\n\t<meta name=\"twitter:label2\" content=\"Est. reading time\" \/>\n\t<meta name=\"twitter:data2\" content=\"3 minutes\" \/>\n<script type=\"application\/ld+json\" class=\"yoast-schema-graph\">{\"@context\":\"https:\/\/schema.org\",\"@graph\":[{\"@type\":\"Article\",\"@id\":\"https:\/\/gren.com\/ee\/uudised\/pohja-euroopa-kaugkutteettevote-jatkab-tegevust-uue-nimega-gren\/#article\",\"isPartOf\":{\"@id\":\"https:\/\/gren.com\/ee\/uudised\/pohja-euroopa-kaugkutteettevote-jatkab-tegevust-uue-nimega-gren\/\"},\"author\":{\"name\":\"Cube Agency\",\"@id\":\"https:\/\/gren.com\/ee\/#\/schema\/person\/8276b967e07735ec4ab09394763c839f\"},\"headline\":\"P\u00f5hja-Euroopa kaugk\u00fctteettev\u00f5te j\u00e4tkab tegevust uue nimega Gren\",\"datePublished\":\"2021-07-05T10:51:00+00:00\",\"dateModified\":\"2026-04-07T06:54:12+00:00\",\"mainEntityOfPage\":{\"@id\":\"https:\/\/gren.com\/ee\/uudised\/pohja-euroopa-kaugkutteettevote-jatkab-tegevust-uue-nimega-gren\/\"},\"wordCount\":11,\"image\":{\"@id\":\"https:\/\/gren.com\/ee\/uudised\/pohja-euroopa-kaugkutteettevote-jatkab-tegevust-uue-nimega-gren\/#primaryimage\"},\"thumbnailUrl\":\"https:\/\/grenweb01.blob.core.windows.net\/gren-web-production\/2021\/06\/gren_social_1200x630px.png\",\"articleSection\":[\"Uudised\"],\"inLanguage\":\"en-US\"},{\"@type\":\"WebPage\",\"@id\":\"https:\/\/gren.com\/ee\/uudised\/pohja-euroopa-kaugkutteettevote-jatkab-tegevust-uue-nimega-gren\/\",\"url\":\"https:\/\/gren.com\/ee\/uudised\/pohja-euroopa-kaugkutteettevote-jatkab-tegevust-uue-nimega-gren\/\",\"name\":\"P\u00f5hja-Euroopa kaugk\u00fctteettev\u00f5te j\u00e4tkab tegevust uue nimega Gren - Gren Eesti\",\"isPartOf\":{\"@id\":\"https:\/\/gren.com\/ee\/#website\"},\"primaryImageOfPage\":{\"@id\":\"https:\/\/gren.com\/ee\/uudised\/pohja-euroopa-kaugkutteettevote-jatkab-tegevust-uue-nimega-gren\/#primaryimage\"},\"image\":{\"@id\":\"https:\/\/gren.com\/ee\/uudised\/pohja-euroopa-kaugkutteettevote-jatkab-tegevust-uue-nimega-gren\/#primaryimage\"},\"thumbnailUrl\":\"https:\/\/grenweb01.blob.core.windows.net\/gren-web-production\/2021\/06\/gren_social_1200x630px.png\",\"datePublished\":\"2021-07-05T10:51:00+00:00\",\"dateModified\":\"2026-04-07T06:54:12+00:00\",\"author\":{\"@id\":\"https:\/\/gren.com\/ee\/#\/schema\/person\/8276b967e07735ec4ab09394763c839f\"},\"breadcrumb\":{\"@id\":\"https:\/\/gren.com\/ee\/uudised\/pohja-euroopa-kaugkutteettevote-jatkab-tegevust-uue-nimega-gren\/#breadcrumb\"},\"inLanguage\":\"en-US\",\"potentialAction\":[{\"@type\":\"ReadAction\",\"target\":[\"https:\/\/gren.com\/ee\/uudised\/pohja-euroopa-kaugkutteettevote-jatkab-tegevust-uue-nimega-gren\/\"]}]},{\"@type\":\"ImageObject\",\"inLanguage\":\"en-US\",\"@id\":\"https:\/\/gren.com\/ee\/uudised\/pohja-euroopa-kaugkutteettevote-jatkab-tegevust-uue-nimega-gren\/#primaryimage\",\"url\":\"https:\/\/grenweb01.blob.core.windows.net\/gren-web-production\/2021\/06\/gren_social_1200x630px.png\",\"contentUrl\":\"https:\/\/grenweb01.blob.core.windows.net\/gren-web-production\/2021\/06\/gren_social_1200x630px.png\",\"width\":1200,\"height\":630},{\"@type\":\"BreadcrumbList\",\"@id\":\"https:\/\/gren.com\/ee\/uudised\/pohja-euroopa-kaugkutteettevote-jatkab-tegevust-uue-nimega-gren\/#breadcrumb\",\"itemListElement\":[{\"@type\":\"ListItem\",\"position\":1,\"name\":\"Home\",\"item\":\"https:\/\/gren.com\/ee\/\"},{\"@type\":\"ListItem\",\"position\":2,\"name\":\"P\u00f5hja-Euroopa kaugk\u00fctteettev\u00f5te j\u00e4tkab tegevust uue nimega Gren\"}]},{\"@type\":\"WebSite\",\"@id\":\"https:\/\/gren.com\/ee\/#website\",\"url\":\"https:\/\/gren.com\/ee\/\",\"name\":\"Gren Eesti\",\"description\":\"Me oleme rohelise energia ettev\u00f5te\",\"potentialAction\":[{\"@type\":\"SearchAction\",\"target\":{\"@type\":\"EntryPoint\",\"urlTemplate\":\"https:\/\/gren.com\/ee\/?s={search_term_string}\"},\"query-input\":{\"@type\":\"PropertyValueSpecification\",\"valueRequired\":true,\"valueName\":\"search_term_string\"}}],\"inLanguage\":\"en-US\"},{\"@type\":\"Person\",\"@id\":\"https:\/\/gren.com\/ee\/#\/schema\/person\/8276b967e07735ec4ab09394763c839f\",\"name\":\"Cube Agency\",\"sameAs\":[\"https:\/\/gren.com\"]}]}<\/script>\n<!-- \/ Yoast SEO plugin. -->","yoast_head_json":{"title":"P\u00f5hja-Euroopa kaugk\u00fctteettev\u00f5te j\u00e4tkab tegevust uue nimega Gren - Gren Eesti","robots":{"index":"index","follow":"follow","max-snippet":"max-snippet:-1","max-image-preview":"max-image-preview:large","max-video-preview":"max-video-preview:-1"},"canonical":"https:\/\/gren.com\/ee\/uudised\/pohja-euroopa-kaugkutteettevote-jatkab-tegevust-uue-nimega-gren\/","og_locale":"en_US","og_type":"article","og_title":"P\u00f5hja-Euroopa kaugk\u00fctteettev\u00f5te j\u00e4tkab tegevust uue nimega Gren - Gren Eesti","og_url":"https:\/\/gren.com\/ee\/uudised\/pohja-euroopa-kaugkutteettevote-jatkab-tegevust-uue-nimega-gren\/","og_site_name":"Gren Eesti","article_published_time":"2021-07-05T10:51:00+00:00","article_modified_time":"2026-04-07T06:54:12+00:00","og_image":[{"width":1200,"height":630,"url":"https:\/\/grenweb01.blob.core.windows.net\/gren-web-production\/2021\/06\/gren_social_1200x630px.png","type":"image\/png"}],"author":"Cube Agency","twitter_card":"summary_large_image","twitter_misc":{"Written by":"Cube Agency","Est. reading time":"3 minutes"},"schema":{"@context":"https:\/\/schema.org","@graph":[{"@type":"Article","@id":"https:\/\/gren.com\/ee\/uudised\/pohja-euroopa-kaugkutteettevote-jatkab-tegevust-uue-nimega-gren\/#article","isPartOf":{"@id":"https:\/\/gren.com\/ee\/uudised\/pohja-euroopa-kaugkutteettevote-jatkab-tegevust-uue-nimega-gren\/"},"author":{"name":"Cube Agency","@id":"https:\/\/gren.com\/ee\/#\/schema\/person\/8276b967e07735ec4ab09394763c839f"},"headline":"P\u00f5hja-Euroopa kaugk\u00fctteettev\u00f5te j\u00e4tkab tegevust uue nimega Gren","datePublished":"2021-07-05T10:51:00+00:00","dateModified":"2026-04-07T06:54:12+00:00","mainEntityOfPage":{"@id":"https:\/\/gren.com\/ee\/uudised\/pohja-euroopa-kaugkutteettevote-jatkab-tegevust-uue-nimega-gren\/"},"wordCount":11,"image":{"@id":"https:\/\/gren.com\/ee\/uudised\/pohja-euroopa-kaugkutteettevote-jatkab-tegevust-uue-nimega-gren\/#primaryimage"},"thumbnailUrl":"https:\/\/grenweb01.blob.core.windows.net\/gren-web-production\/2021\/06\/gren_social_1200x630px.png","articleSection":["Uudised"],"inLanguage":"en-US"},{"@type":"WebPage","@id":"https:\/\/gren.com\/ee\/uudised\/pohja-euroopa-kaugkutteettevote-jatkab-tegevust-uue-nimega-gren\/","url":"https:\/\/gren.com\/ee\/uudised\/pohja-euroopa-kaugkutteettevote-jatkab-tegevust-uue-nimega-gren\/","name":"P\u00f5hja-Euroopa kaugk\u00fctteettev\u00f5te j\u00e4tkab tegevust uue nimega Gren - Gren Eesti","isPartOf":{"@id":"https:\/\/gren.com\/ee\/#website"},"primaryImageOfPage":{"@id":"https:\/\/gren.com\/ee\/uudised\/pohja-euroopa-kaugkutteettevote-jatkab-tegevust-uue-nimega-gren\/#primaryimage"},"image":{"@id":"https:\/\/gren.com\/ee\/uudised\/pohja-euroopa-kaugkutteettevote-jatkab-tegevust-uue-nimega-gren\/#primaryimage"},"thumbnailUrl":"https:\/\/grenweb01.blob.core.windows.net\/gren-web-production\/2021\/06\/gren_social_1200x630px.png","datePublished":"2021-07-05T10:51:00+00:00","dateModified":"2026-04-07T06:54:12+00:00","author":{"@id":"https:\/\/gren.com\/ee\/#\/schema\/person\/8276b967e07735ec4ab09394763c839f"},"breadcrumb":{"@id":"https:\/\/gren.com\/ee\/uudised\/pohja-euroopa-kaugkutteettevote-jatkab-tegevust-uue-nimega-gren\/#breadcrumb"},"inLanguage":"en-US","potentialAction":[{"@type":"ReadAction","target":["https:\/\/gren.com\/ee\/uudised\/pohja-euroopa-kaugkutteettevote-jatkab-tegevust-uue-nimega-gren\/"]}]},{"@type":"ImageObject","inLanguage":"en-US","@id":"https:\/\/gren.com\/ee\/uudised\/pohja-euroopa-kaugkutteettevote-jatkab-tegevust-uue-nimega-gren\/#primaryimage","url":"https:\/\/grenweb01.blob.core.windows.net\/gren-web-production\/2021\/06\/gren_social_1200x630px.png","contentUrl":"https:\/\/grenweb01.blob.core.windows.net\/gren-web-production\/2021\/06\/gren_social_1200x630px.png","width":1200,"height":630},{"@type":"BreadcrumbList","@id":"https:\/\/gren.com\/ee\/uudised\/pohja-euroopa-kaugkutteettevote-jatkab-tegevust-uue-nimega-gren\/#breadcrumb","itemListElement":[{"@type":"ListItem","position":1,"name":"Home","item":"https:\/\/gren.com\/ee\/"},{"@type":"ListItem","position":2,"name":"P\u00f5hja-Euroopa kaugk\u00fctteettev\u00f5te j\u00e4tkab tegevust uue nimega Gren"}]},{"@type":"WebSite","@id":"https:\/\/gren.com\/ee\/#website","url":"https:\/\/gren.com\/ee\/","name":"Gren Eesti","description":"Me oleme rohelise energia ettev\u00f5te","potentialAction":[{"@type":"SearchAction","target":{"@type":"EntryPoint","urlTemplate":"https:\/\/gren.com\/ee\/?s={search_term_string}"},"query-input":{"@type":"PropertyValueSpecification","valueRequired":true,"valueName":"search_term_string"}}],"inLanguage":"en-US"},{"@type":"Person","@id":"https:\/\/gren.com\/ee\/#\/schema\/person\/8276b967e07735ec4ab09394763c839f","name":"Cube Agency","sameAs":["https:\/\/gren.com"]}]}},"_links":{"self":[{"href":"https:\/\/gren.com\/ee\/wp-json\/wp\/v2\/posts\/9788","targetHints":{"allow":["GET"]}}],"collection":[{"href":"https:\/\/gren.com\/ee\/wp-json\/wp\/v2\/posts"}],"about":[{"href":"https:\/\/gren.com\/ee\/wp-json\/wp\/v2\/types\/post"}],"author":[{"embeddable":true,"href":"https:\/\/gren.com\/ee\/wp-json\/wp\/v2\/users\/1"}],"replies":[{"embeddable":true,"href":"https:\/\/gren.com\/ee\/wp-json\/wp\/v2\/comments?post=9788"}],"version-history":[{"count":7,"href":"https:\/\/gren.com\/ee\/wp-json\/wp\/v2\/posts\/9788\/revisions"}],"predecessor-version":[{"id":17137,"href":"https:\/\/gren.com\/ee\/wp-json\/wp\/v2\/posts\/9788\/revisions\/17137"}],"wp:featuredmedia":[{"embeddable":true,"href":"https:\/\/gren.com\/ee\/wp-json\/wp\/v2\/media\/1957"}],"wp:attachment":[{"href":"https:\/\/gren.com\/ee\/wp-json\/wp\/v2\/media?parent=9788"}],"wp:term":[{"taxonomy":"category","embeddable":true,"href":"https:\/\/gren.com\/ee\/wp-json\/wp\/v2\/categories?post=9788"},{"taxonomy":"post_tag","embeddable":true,"href":"https:\/\/gren.com\/ee\/wp-json\/wp\/v2\/tags?post=9788"}],"curies":[{"name":"wp","href":"https:\/\/api.w.org\/{rel}","templated":true}]}}