{"id":9802,"date":"2022-05-30T13:56:00","date_gmt":"2022-05-30T10:56:00","guid":{"rendered":"https:\/\/web-staging.gren.com\/est\/?p=9802"},"modified":"2024-02-08T19:06:19","modified_gmt":"2024-02-08T17:06:19","slug":"gren-tartu-energiasalvesti-arhitektuurivoistluse-voitja-on-selgunud","status":"publish","type":"post","link":"https:\/\/gren.com\/ee\/uudised\/gren-tartu-energiasalvesti-arhitektuurivoistluse-voitja-on-selgunud\/","title":{"rendered":"Gren Tartu energiasalvesti arhitektuuriv\u00f5istluse v\u00f5itja on selgunud"},"content":{"rendered":"<style type=\"text\/css\">.page-hero{padding:140px 0 30px;position:relative}.page-hero-content{max-width:300px}.page-hero h4,.page-hero p{font-size:16px;font-weight:400;line-height:24px}.page-hero .date{margin-top:24px;color:#fff;font-size:20px}.page-hero-video-wrap{position:absolute;top:0;left:0;width:100%;height:100%;z-index:-1;overflow:hidden}.page-hero-video{width:100%;height:100%;object-fit:cover}@media(min-width: 576px){.page-hero-content{max-width:850px}}@media(min-width: 992px){.page-hero{padding:210px 0 64px}.page-hero h4,.page-hero p{font-size:24px;line-height:30px}}\n\n\/*# sourceMappingURL=block-page-hero.min.css.map*\/<\/style><section id=\"page-hero-block_70e70315d3cb1b76fce8b0630f801834\" class=\"block page-hero\" style=\"background: url(https:\/\/grenweb01.blob.core.windows.net\/gren-web-prod\/sites\/4\/2024\/01\/hero-bg-1.jpg) no-repeat center\/cover\">\n\t<div class=\"container\"  data-block-animate>\n\t\t\t\t\t<div class=\"page-hero-content text-wrap\"  data-animate-part>\n\t\t\t\t<h1><span style=\"color: #ffffff;\">Gren Tartu energiasalvesti arhitektuuriv\u00f5istluse v\u00f5itja on selgunud<\/span><\/h1>\n\n                <div class=\"date\">30.05.22<\/div>\t\t\t<\/div>\n\t\t\t<\/div>\n<\/section>\n\n<style type=\"text\/css\">.two-column-content{position:relative;padding:48px 0 0;overflow-y:hidden}.two-column-content.bg-dark-green,.two-column-content.bg-dark-red{color:#fff}.two-column-content .img-wrap,.two-column-content .text-wrap{width:100%}.two-column-content .block-background-image img{position:absolute;width:100%;height:100%;object-position:center;object-fit:cover;top:0;left:0}.two-column-content .container{position:relative}.two-column-content .text-wrap{padding:0 16px}.two-column-content .text-wrap ul li{font-size:16px}.two-column-content .text-wrap p>a{font-weight:700;position:relative;transition:all ease-in-out .3s;margin-top:50px;display:inline-block}.two-column-content .text-wrap p>a:active{color:#9cbbba !important}.two-column-content .text-inner{padding:24px 16px;border-radius:4px}.two-column-content .text-inner .btn{display:inline-block}.two-column-content .img-wrap{position:relative;height:100%}.two-column-content .img-wrap img{object-fit:contain;object-position:top;width:100%;height:100%}.two-column-content .with-image .right-col p{opacity:.6;margin:12px 0 0}.two-column-content .right-col img{width:100%}@media(max-width: 767.98px){.two-column-content .container{padding:0}.two-column-content .text-wrap{margin:24px 0}.two-column-content .with-image .right-col{order:1}.two-column-content .with-image .left-col{order:2}.two-column-content.reversed .left-col{order:2 !important}.two-column-content.reversed .right-col{order:1 !important}}@media(min-width: 768px){.two-column-content{padding:32px 0}.two-column-content .img-wrap img{max-height:500px}.two-column-content .only-text .left-col .text-wrap{padding-right:28px !important}.two-column-content .only-text .right-col .text-wrap{padding-left:28px}.two-column-content:not(.reversed) .left-col .text-wrap{padding-right:64px}.two-column-content.reversed .left-col{order:2 !important}.two-column-content.reversed .left-col .text-wrap{padding-left:64px}.two-column-content.reversed .right-col{order:1 !important}}@media(min-width: 992px){.two-column-content .row.with-image .right-col{order:unset}.two-column-content .row.with-image .left-col{order:unset}.two-column-content .text-wrap{justify-self:start}.two-column-content .text-wrap p>a{margin-top:0}.two-column-content .text-wrap p>a:hover{color:#e8412c}.two-column-content.align-middle .col-6{display:flex;align-items:center}.two-column-content.align-bottom .col-6{display:flex;align-items:end}}\n\n\/*# sourceMappingURL=block-two-column-content.min.css.map*\/<\/style><section id=\"two-column-content-block_d41e13514aeae45510cf5497114a2efa\" class=\"block two-column-content bg-white\" data-menu-target>\n        <div class=\"container\" data-block-animate>\n        <div class=\"row g-0 with-image\">\n            <div class=\"col-12 col-md-6 left-col\" data-animate-part>\n                <div class=\"text-wrap\"><div class=\"text-inner\" style=\"\"><p>Gren Tartu koost\u00f6\u00f6s Eesti Arhitektide Liidu ja O\u00dc-ga Hendrikson &amp; Ko viisid l\u00e4bi arhitektuuriv\u00f5istluse, et leida parim arhitektuuriline lahendus kavandatavale energiasalvestile Tulbi t\u00e4naval Tartus. V\u00f5istlusele laekus 4 ideekavandit ning nende seast parimaks tunnustati v\u00f5istlust\u00f6\u00f6 \u201cKliiniline jahutus\u201d arhitektuurib\u00fcroolt Kolm Koma Arhitektid.<\/p>\n<p>\u201cMeie jaoks on uute tehniliste lahenduste kasutuselev\u00f5tmisel v\u00e4ga oluline tehnorajatiste esteetiline v\u00e4ljan\u00e4gemine ning sobivus \u00fcmbritsevasse keskkonda. R\u00f5\u00f5mustav on t\u00f5deda, et arhitektuuriv\u00f5istlus t\u00e4itis igati oma eesm\u00e4rki \u2013 v\u00f5istlus oli k\u00f5rgetasemeline ning \u00fclesanne n\u00f5udis v\u00f5istlejalt p\u00f5hjalikku t\u00f6\u00f6d ja s\u00fcvenemist energiasalvestuse tehnoloogiasse, selle asukoha spetsiifikasse ning samas arvestamist kohaliku kogukonna soovidega,\u201d s\u00f5nas Margo K\u00fclaots, Gren Tartu juhatuse esimees.<\/p>\n<p>Energiasalvesti on oma olemuselt mahuti, milles on puhas vesi, ning mille eesm\u00e4rk on tagada vastavalt hooajale ja vajadustele jahutusenergia ja soojusenergia olemasolu. Salvestis toimub erinevate temperatuuridega vee kihistumine. Vee tase mahutis on konstantne ning seda juhib automaatika. Selle kasutamisel puudub m\u00fcra, suits, vibratsioon, k\u00fctused jms.<\/p>\n<\/div><\/div>\n            <\/div><!--\/.col-->\n            <div class=\"col-12 col-md-6 right-col\" data-animate-part>\n                <div class=\"img-wrap\"><img loading=\"lazy\" decoding=\"async\" width=\"1024\" height=\"655\" src=\"https:\/\/grenweb01.blob.core.windows.net\/gren-web-prod\/2022\/05\/1_kliiniline-jahutus-01-1024x655.png\" class=\"attachment-large size-large\" alt=\"\" srcset=\"https:\/\/grenweb01.blob.core.windows.net\/gren-web-prod\/2022\/05\/1_kliiniline-jahutus-01-1024x655.png 1024w, https:\/\/grenweb01.blob.core.windows.net\/gren-web-prod\/2022\/05\/1_kliiniline-jahutus-01-300x192.png 300w, https:\/\/grenweb01.blob.core.windows.net\/gren-web-prod\/2022\/05\/1_kliiniline-jahutus-01-768x491.png 768w, https:\/\/grenweb01.blob.core.windows.net\/gren-web-prod\/2022\/05\/1_kliiniline-jahutus-01.png 1479w\" sizes=\"auto, (max-width: 1024px) 100vw, 1024px\" \/><\/div>            <\/div><!--\/.col-->\n        <\/div>\n    <\/div>\n<\/section>\n\n<style type=\"text\/css\">.full-width-written-content p>a{font-weight:700}\n\n\/*# sourceMappingURL=block-full-width-written-content.min.css.map*\/<\/style><section id=\"full-width-written-content-block_92331ea28193efffa614ff6fdb0d1fe5\" class=\"block full-width-written-content\">\n\t<div class=\"container\" data-block-animate>\n\t\t<div class=\"text-wrap\" data-animate-part><p>\u201eEnergiasalvesti rajamise vajaduse on tinginud piirkonna kiire areng \u2013 kliinikum rajab uued korpused, \u00fclikool rekonstrueerib olemasolevaid \u00f5ppehooneid ning Ravila t\u00e4nava \u00e4\u00e4rde planeeritakse suurt \u00e4ri- ja \u00f5ppehoonete linnakut. Nimetatud suurte hoonete jahutamine on m\u00f5istlik lahendada tsentraalse jahutuss\u00fcsteemi kaudu, sest see on oluliselt keskkonnas\u00e4\u00e4stlikum ning \u00f6konoomsem v\u00f5rreldes lokaalsete jahutuseadetega ning energiasalvesti on vajalik lahendus jahutus\u00fcsteemi stabiilsuse tagamiseks. Lisaks saab antud salvestit kasutada kaugk\u00fcttes\u00fcsteemis, mis omakorda v\u00f5imaldab v\u00e4hendada vene gaasi kasutamist kaugk\u00fcttes. Energiasalvesti on vajalik lahendus, et tulevikus \u00fcle minna s\u00fcsinikuneutraalsetele k\u00fctte ja jahutuslahendustele ning aidata kaasa Tartu linna kliimaneutraalsuse eesm\u00e4rkide t\u00e4itmisel,\u201d lisas K\u00fclaots.<\/p>\n<p>V\u00f5istlust\u00f6\u00f6 \u201cKliiniline jahutus\u201d l\u00e4htub p\u00f5him\u00f5ttest jahutust leiab varjust. Energiasalvesti asukoht ja lahendus koos kavandatava juurdeehitusega moodustavad \u00fchtse terviku ja enesekindla maam\u00e4rgi. Mahuti asukoht on valitud eluhoonetest v\u00f5imalikult kaugel ning tagatud on olemasoleva hoone juurdeehituse v\u00f5imalus. Kavandatud maapinna lohk on passiivse turvalisuse tagajana (v\u00f5imalike lekete korral) \u00fchest k\u00fcljest lihtne, teisest k\u00fcljest efektne lahendus, mida annab maastikuarhitektuurselt veel t\u00e4psemalt lahendada.<\/p>\n<p>Energiasalvesti arhitektuuriv\u00f5istluse \u017e\u00fcriisse kuulusid: Margo K\u00fclaots, korraldaja esindaja ja \u017e\u00fcrii esimees; Margus Raud, korraldaja esindaja; Uku P\u00f5llumaa, arhitekt tase 7; Birte B\u00f6er, EAL esindaja ja arhitekt tase 7 ning T\u00f5nis Arjus, Tartu LV ruumiloome osakonna juhataja-linnaarhitekt.<\/p>\n<p>V\u00f5istluse preemiafond oli 10 000 EUR ning auhinnad m\u00e4\u00e4rati j\u00e4rgnevalt:<\/p>\n<p>I koht (preemia 6000 EUR) \u201eKliiniline jahutus\u201c Kolm Koma Arhitektid<\/p>\n<p>II koht (preemia 2000 EUR) Arhitektuurib\u00fcroo Luhse ja Tuhal O\u00dc<\/p>\n<p>III koht (preemia 2000 EUR) \u201eKorall\u201c Molumba<\/p>\n<\/div>\t<\/div>\n<\/section>","protected":false},"excerpt":{"rendered":"","protected":false},"author":1,"featured_media":10845,"comment_status":"closed","ping_status":"closed","sticky":false,"template":"","format":"standard","meta":{"_acf_changed":false,"footnotes":""},"categories":[1],"tags":[],"class_list":["post-9802","post","type-post","status-publish","format-standard","has-post-thumbnail","hentry","category-uudised"],"acf":[],"yoast_head":"<!-- This site is optimized with the Yoast SEO plugin v26.8 - https:\/\/yoast.com\/product\/yoast-seo-wordpress\/ -->\n<title>Gren Tartu energiasalvesti arhitektuuriv\u00f5istluse v\u00f5itja on selgunud - Gren Eesti<\/title>\n<meta name=\"robots\" content=\"index, follow, max-snippet:-1, max-image-preview:large, max-video-preview:-1\" \/>\n<link rel=\"canonical\" href=\"https:\/\/gren.com\/ee\/uudised\/gren-tartu-energiasalvesti-arhitektuurivoistluse-voitja-on-selgunud\/\" \/>\n<meta property=\"og:locale\" content=\"en_US\" \/>\n<meta property=\"og:type\" content=\"article\" \/>\n<meta property=\"og:title\" content=\"Gren Tartu energiasalvesti arhitektuuriv\u00f5istluse v\u00f5itja on selgunud - Gren Eesti\" \/>\n<meta property=\"og:url\" content=\"https:\/\/gren.com\/ee\/uudised\/gren-tartu-energiasalvesti-arhitektuurivoistluse-voitja-on-selgunud\/\" \/>\n<meta property=\"og:site_name\" content=\"Gren Eesti\" \/>\n<meta property=\"article:published_time\" content=\"2022-05-30T10:56:00+00:00\" \/>\n<meta property=\"article:modified_time\" content=\"2024-02-08T17:06:19+00:00\" \/>\n<meta property=\"og:image\" content=\"https:\/\/grenweb01.blob.core.windows.net\/gren-web-prod\/sites\/4\/2022\/05\/1_kliiniline-jahutus-01.png\" \/>\n\t<meta property=\"og:image:width\" content=\"1479\" \/>\n\t<meta property=\"og:image:height\" content=\"946\" \/>\n\t<meta property=\"og:image:type\" content=\"image\/png\" \/>\n<meta name=\"author\" content=\"Cube Agency\" \/>\n<meta name=\"twitter:card\" content=\"summary_large_image\" \/>\n<meta name=\"twitter:label1\" content=\"Written by\" \/>\n\t<meta name=\"twitter:data1\" content=\"Cube Agency\" \/>\n\t<meta name=\"twitter:label2\" content=\"Est. reading time\" \/>\n\t<meta name=\"twitter:data2\" content=\"3 minutes\" \/>\n<script type=\"application\/ld+json\" class=\"yoast-schema-graph\">{\"@context\":\"https:\/\/schema.org\",\"@graph\":[{\"@type\":\"Article\",\"@id\":\"https:\/\/gren.com\/ee\/uudised\/gren-tartu-energiasalvesti-arhitektuurivoistluse-voitja-on-selgunud\/#article\",\"isPartOf\":{\"@id\":\"https:\/\/gren.com\/ee\/uudised\/gren-tartu-energiasalvesti-arhitektuurivoistluse-voitja-on-selgunud\/\"},\"author\":{\"name\":\"Cube Agency\",\"@id\":\"https:\/\/gren.com\/ee\/#\/schema\/person\/8276b967e07735ec4ab09394763c839f\"},\"headline\":\"Gren Tartu energiasalvesti arhitektuuriv\u00f5istluse v\u00f5itja on selgunud\",\"datePublished\":\"2022-05-30T10:56:00+00:00\",\"dateModified\":\"2024-02-08T17:06:19+00:00\",\"mainEntityOfPage\":{\"@id\":\"https:\/\/gren.com\/ee\/uudised\/gren-tartu-energiasalvesti-arhitektuurivoistluse-voitja-on-selgunud\/\"},\"wordCount\":9,\"image\":{\"@id\":\"https:\/\/gren.com\/ee\/uudised\/gren-tartu-energiasalvesti-arhitektuurivoistluse-voitja-on-selgunud\/#primaryimage\"},\"thumbnailUrl\":\"https:\/\/grenweb01.blob.core.windows.net\/gren-web-prod\/sites\/4\/2022\/05\/1_kliiniline-jahutus-01.png\",\"articleSection\":[\"Uudised\"],\"inLanguage\":\"en-US\"},{\"@type\":\"WebPage\",\"@id\":\"https:\/\/gren.com\/ee\/uudised\/gren-tartu-energiasalvesti-arhitektuurivoistluse-voitja-on-selgunud\/\",\"url\":\"https:\/\/gren.com\/ee\/uudised\/gren-tartu-energiasalvesti-arhitektuurivoistluse-voitja-on-selgunud\/\",\"name\":\"Gren Tartu energiasalvesti arhitektuuriv\u00f5istluse v\u00f5itja on selgunud - Gren Eesti\",\"isPartOf\":{\"@id\":\"https:\/\/gren.com\/ee\/#website\"},\"primaryImageOfPage\":{\"@id\":\"https:\/\/gren.com\/ee\/uudised\/gren-tartu-energiasalvesti-arhitektuurivoistluse-voitja-on-selgunud\/#primaryimage\"},\"image\":{\"@id\":\"https:\/\/gren.com\/ee\/uudised\/gren-tartu-energiasalvesti-arhitektuurivoistluse-voitja-on-selgunud\/#primaryimage\"},\"thumbnailUrl\":\"https:\/\/grenweb01.blob.core.windows.net\/gren-web-prod\/sites\/4\/2022\/05\/1_kliiniline-jahutus-01.png\",\"datePublished\":\"2022-05-30T10:56:00+00:00\",\"dateModified\":\"2024-02-08T17:06:19+00:00\",\"author\":{\"@id\":\"https:\/\/gren.com\/ee\/#\/schema\/person\/8276b967e07735ec4ab09394763c839f\"},\"breadcrumb\":{\"@id\":\"https:\/\/gren.com\/ee\/uudised\/gren-tartu-energiasalvesti-arhitektuurivoistluse-voitja-on-selgunud\/#breadcrumb\"},\"inLanguage\":\"en-US\",\"potentialAction\":[{\"@type\":\"ReadAction\",\"target\":[\"https:\/\/gren.com\/ee\/uudised\/gren-tartu-energiasalvesti-arhitektuurivoistluse-voitja-on-selgunud\/\"]}]},{\"@type\":\"ImageObject\",\"inLanguage\":\"en-US\",\"@id\":\"https:\/\/gren.com\/ee\/uudised\/gren-tartu-energiasalvesti-arhitektuurivoistluse-voitja-on-selgunud\/#primaryimage\",\"url\":\"https:\/\/grenweb01.blob.core.windows.net\/gren-web-prod\/sites\/4\/2022\/05\/1_kliiniline-jahutus-01.png\",\"contentUrl\":\"https:\/\/grenweb01.blob.core.windows.net\/gren-web-prod\/sites\/4\/2022\/05\/1_kliiniline-jahutus-01.png\",\"width\":1479,\"height\":946},{\"@type\":\"BreadcrumbList\",\"@id\":\"https:\/\/gren.com\/ee\/uudised\/gren-tartu-energiasalvesti-arhitektuurivoistluse-voitja-on-selgunud\/#breadcrumb\",\"itemListElement\":[{\"@type\":\"ListItem\",\"position\":1,\"name\":\"Home\",\"item\":\"https:\/\/gren.com\/ee\/\"},{\"@type\":\"ListItem\",\"position\":2,\"name\":\"Gren Tartu energiasalvesti arhitektuuriv\u00f5istluse v\u00f5itja on selgunud\"}]},{\"@type\":\"WebSite\",\"@id\":\"https:\/\/gren.com\/ee\/#website\",\"url\":\"https:\/\/gren.com\/ee\/\",\"name\":\"Gren Eesti\",\"description\":\"Me oleme rohelise energia ettev\u00f5te\",\"potentialAction\":[{\"@type\":\"SearchAction\",\"target\":{\"@type\":\"EntryPoint\",\"urlTemplate\":\"https:\/\/gren.com\/ee\/?s={search_term_string}\"},\"query-input\":{\"@type\":\"PropertyValueSpecification\",\"valueRequired\":true,\"valueName\":\"search_term_string\"}}],\"inLanguage\":\"en-US\"},{\"@type\":\"Person\",\"@id\":\"https:\/\/gren.com\/ee\/#\/schema\/person\/8276b967e07735ec4ab09394763c839f\",\"name\":\"Cube Agency\",\"sameAs\":[\"https:\/\/gren.com\"]}]}<\/script>\n<!-- \/ Yoast SEO plugin. -->","yoast_head_json":{"title":"Gren Tartu energiasalvesti arhitektuuriv\u00f5istluse v\u00f5itja on selgunud - Gren Eesti","robots":{"index":"index","follow":"follow","max-snippet":"max-snippet:-1","max-image-preview":"max-image-preview:large","max-video-preview":"max-video-preview:-1"},"canonical":"https:\/\/gren.com\/ee\/uudised\/gren-tartu-energiasalvesti-arhitektuurivoistluse-voitja-on-selgunud\/","og_locale":"en_US","og_type":"article","og_title":"Gren Tartu energiasalvesti arhitektuuriv\u00f5istluse v\u00f5itja on selgunud - Gren Eesti","og_url":"https:\/\/gren.com\/ee\/uudised\/gren-tartu-energiasalvesti-arhitektuurivoistluse-voitja-on-selgunud\/","og_site_name":"Gren Eesti","article_published_time":"2022-05-30T10:56:00+00:00","article_modified_time":"2024-02-08T17:06:19+00:00","og_image":[{"width":1479,"height":946,"url":"https:\/\/grenweb01.blob.core.windows.net\/gren-web-prod\/sites\/4\/2022\/05\/1_kliiniline-jahutus-01.png","type":"image\/png"}],"author":"Cube Agency","twitter_card":"summary_large_image","twitter_misc":{"Written by":"Cube Agency","Est. reading time":"3 minutes"},"schema":{"@context":"https:\/\/schema.org","@graph":[{"@type":"Article","@id":"https:\/\/gren.com\/ee\/uudised\/gren-tartu-energiasalvesti-arhitektuurivoistluse-voitja-on-selgunud\/#article","isPartOf":{"@id":"https:\/\/gren.com\/ee\/uudised\/gren-tartu-energiasalvesti-arhitektuurivoistluse-voitja-on-selgunud\/"},"author":{"name":"Cube Agency","@id":"https:\/\/gren.com\/ee\/#\/schema\/person\/8276b967e07735ec4ab09394763c839f"},"headline":"Gren Tartu energiasalvesti arhitektuuriv\u00f5istluse v\u00f5itja on selgunud","datePublished":"2022-05-30T10:56:00+00:00","dateModified":"2024-02-08T17:06:19+00:00","mainEntityOfPage":{"@id":"https:\/\/gren.com\/ee\/uudised\/gren-tartu-energiasalvesti-arhitektuurivoistluse-voitja-on-selgunud\/"},"wordCount":9,"image":{"@id":"https:\/\/gren.com\/ee\/uudised\/gren-tartu-energiasalvesti-arhitektuurivoistluse-voitja-on-selgunud\/#primaryimage"},"thumbnailUrl":"https:\/\/grenweb01.blob.core.windows.net\/gren-web-prod\/sites\/4\/2022\/05\/1_kliiniline-jahutus-01.png","articleSection":["Uudised"],"inLanguage":"en-US"},{"@type":"WebPage","@id":"https:\/\/gren.com\/ee\/uudised\/gren-tartu-energiasalvesti-arhitektuurivoistluse-voitja-on-selgunud\/","url":"https:\/\/gren.com\/ee\/uudised\/gren-tartu-energiasalvesti-arhitektuurivoistluse-voitja-on-selgunud\/","name":"Gren Tartu energiasalvesti arhitektuuriv\u00f5istluse v\u00f5itja on selgunud - Gren Eesti","isPartOf":{"@id":"https:\/\/gren.com\/ee\/#website"},"primaryImageOfPage":{"@id":"https:\/\/gren.com\/ee\/uudised\/gren-tartu-energiasalvesti-arhitektuurivoistluse-voitja-on-selgunud\/#primaryimage"},"image":{"@id":"https:\/\/gren.com\/ee\/uudised\/gren-tartu-energiasalvesti-arhitektuurivoistluse-voitja-on-selgunud\/#primaryimage"},"thumbnailUrl":"https:\/\/grenweb01.blob.core.windows.net\/gren-web-prod\/sites\/4\/2022\/05\/1_kliiniline-jahutus-01.png","datePublished":"2022-05-30T10:56:00+00:00","dateModified":"2024-02-08T17:06:19+00:00","author":{"@id":"https:\/\/gren.com\/ee\/#\/schema\/person\/8276b967e07735ec4ab09394763c839f"},"breadcrumb":{"@id":"https:\/\/gren.com\/ee\/uudised\/gren-tartu-energiasalvesti-arhitektuurivoistluse-voitja-on-selgunud\/#breadcrumb"},"inLanguage":"en-US","potentialAction":[{"@type":"ReadAction","target":["https:\/\/gren.com\/ee\/uudised\/gren-tartu-energiasalvesti-arhitektuurivoistluse-voitja-on-selgunud\/"]}]},{"@type":"ImageObject","inLanguage":"en-US","@id":"https:\/\/gren.com\/ee\/uudised\/gren-tartu-energiasalvesti-arhitektuurivoistluse-voitja-on-selgunud\/#primaryimage","url":"https:\/\/grenweb01.blob.core.windows.net\/gren-web-prod\/sites\/4\/2022\/05\/1_kliiniline-jahutus-01.png","contentUrl":"https:\/\/grenweb01.blob.core.windows.net\/gren-web-prod\/sites\/4\/2022\/05\/1_kliiniline-jahutus-01.png","width":1479,"height":946},{"@type":"BreadcrumbList","@id":"https:\/\/gren.com\/ee\/uudised\/gren-tartu-energiasalvesti-arhitektuurivoistluse-voitja-on-selgunud\/#breadcrumb","itemListElement":[{"@type":"ListItem","position":1,"name":"Home","item":"https:\/\/gren.com\/ee\/"},{"@type":"ListItem","position":2,"name":"Gren Tartu energiasalvesti arhitektuuriv\u00f5istluse v\u00f5itja on selgunud"}]},{"@type":"WebSite","@id":"https:\/\/gren.com\/ee\/#website","url":"https:\/\/gren.com\/ee\/","name":"Gren Eesti","description":"Me oleme rohelise energia ettev\u00f5te","potentialAction":[{"@type":"SearchAction","target":{"@type":"EntryPoint","urlTemplate":"https:\/\/gren.com\/ee\/?s={search_term_string}"},"query-input":{"@type":"PropertyValueSpecification","valueRequired":true,"valueName":"search_term_string"}}],"inLanguage":"en-US"},{"@type":"Person","@id":"https:\/\/gren.com\/ee\/#\/schema\/person\/8276b967e07735ec4ab09394763c839f","name":"Cube Agency","sameAs":["https:\/\/gren.com"]}]}},"_links":{"self":[{"href":"https:\/\/gren.com\/ee\/wp-json\/wp\/v2\/posts\/9802","targetHints":{"allow":["GET"]}}],"collection":[{"href":"https:\/\/gren.com\/ee\/wp-json\/wp\/v2\/posts"}],"about":[{"href":"https:\/\/gren.com\/ee\/wp-json\/wp\/v2\/types\/post"}],"author":[{"embeddable":true,"href":"https:\/\/gren.com\/ee\/wp-json\/wp\/v2\/users\/1"}],"replies":[{"embeddable":true,"href":"https:\/\/gren.com\/ee\/wp-json\/wp\/v2\/comments?post=9802"}],"version-history":[{"count":5,"href":"https:\/\/gren.com\/ee\/wp-json\/wp\/v2\/posts\/9802\/revisions"}],"predecessor-version":[{"id":12782,"href":"https:\/\/gren.com\/ee\/wp-json\/wp\/v2\/posts\/9802\/revisions\/12782"}],"wp:featuredmedia":[{"embeddable":true,"href":"https:\/\/gren.com\/ee\/wp-json\/wp\/v2\/media\/10845"}],"wp:attachment":[{"href":"https:\/\/gren.com\/ee\/wp-json\/wp\/v2\/media?parent=9802"}],"wp:term":[{"taxonomy":"category","embeddable":true,"href":"https:\/\/gren.com\/ee\/wp-json\/wp\/v2\/categories?post=9802"},{"taxonomy":"post_tag","embeddable":true,"href":"https:\/\/gren.com\/ee\/wp-json\/wp\/v2\/tags?post=9802"}],"curies":[{"name":"wp","href":"https:\/\/api.w.org\/{rel}","templated":true}]}}