{"id":9904,"date":"2023-09-29T20:21:00","date_gmt":"2023-09-29T17:21:00","guid":{"rendered":"https:\/\/web-staging.gren.com\/est\/?p=9904"},"modified":"2024-02-08T18:55:54","modified_gmt":"2024-02-08T16:55:54","slug":"kohtla-jarve-johvi-ahtme-vorgupiirkonnas-hakkab-01-novembrist-2023-kehtima-uus-soojuse-hind","status":"publish","type":"post","link":"https:\/\/gren.com\/ee\/uudised\/kohtla-jarve-johvi-ahtme-vorgupiirkonnas-hakkab-01-novembrist-2023-kehtima-uus-soojuse-hind\/","title":{"rendered":"Kohtla-J\u00e4rve \u2013 J\u00f5hvi &#8211; Ahtme v\u00f5rgupiirkonnas hakkab 01. novembrist 2023 kehtima uus soojuse hind"},"content":{"rendered":"<style type=\"text\/css\">.page-hero{padding:140px 0 30px;position:relative}.page-hero-content{max-width:300px}.page-hero h4,.page-hero p{font-size:16px;font-weight:400;line-height:24px}.page-hero .date{margin-top:24px;color:#fff;font-size:20px}.page-hero-video-wrap{position:absolute;top:0;left:0;width:100%;height:100%;z-index:-1;overflow:hidden}.page-hero-video{width:100%;height:100%;object-fit:cover}@media(min-width: 576px){.page-hero-content{max-width:850px}}@media(min-width: 992px){.page-hero{padding:210px 0 64px}.page-hero h4,.page-hero p{font-size:24px;line-height:30px}}\n\n\/*# sourceMappingURL=block-page-hero.min.css.map*\/<\/style><section id=\"page-hero-block_ee88614c1fb5ce29b9fdf2b732e4869a\" class=\"block page-hero\" style=\"background: url(https:\/\/grenweb01.blob.core.windows.net\/gren-web-prod\/sites\/4\/2024\/01\/hero-bg-1.jpg) no-repeat center\/cover\">\n\t<div class=\"container\"  data-block-animate>\n\t\t\t\t\t<div class=\"page-hero-content text-wrap\"  data-animate-part>\n\t\t\t\t<h1><span style=\"color: #ffffff;\">Kohtla-J\u00e4rve \u2013 J\u00f5hvi &#8211; Ahtme v\u00f5rgupiirkonnas hakkab 01. novembrist 2023 kehtima uus soojuse hind<\/span><\/h1>\n\n                <div class=\"date\">29.09.23<\/div>\t\t\t<\/div>\n\t\t\t<\/div>\n<\/section>\n\n<style type=\"text\/css\">.full-width-written-content p>a{font-weight:700}\n\n\/*# sourceMappingURL=block-full-width-written-content.min.css.map*\/<\/style><section id=\"full-width-written-content-block_ee8355a8262090b7de0b495f9c7640ff\" class=\"block full-width-written-content\">\n\t<div class=\"container\" data-block-animate>\n\t\t<div class=\"text-wrap\" data-animate-part><p>Anname teada, et alates 1. novembrist hakkab meie \u00fchendatud Kohtla-J\u00e4rve ja Ahtme linnaosades ning J\u00f5hvi valla kaugk\u00fctte piirkonnas kehtima uus soojusenergia m\u00fc\u00fcgihind 62,78 EUR\/MWh eest, millele lisandub k\u00e4ibemaks.<\/p>\n<p>Hind kallineb 1,07 EUR\/MWh (+km), mis teeb hinnakasvuks 1,7%. Hinna kasvu peamiseks p\u00f5hjuseks on laenuintresside kallinemine viimase aasta jooksul.<\/p>\n<p>Vaatamata v\u00e4ikesele hinnat\u00f5usule pakub Gren Viru endiselt oma klientidele \u00fchte soodsamat soojusenergia hinda Eestis, mis on v\u00f5imalik t\u00e4nu sellele, et praktiliselt kogu vajaminev soojusenergia toodetakse p\u00f5levkivit\u00f6\u00f6stuse heitsoojusest.<\/p>\n<p>Paremaks \u00fclevaateks toome v\u00f5rdluseks teised Virumaa piirkonnad, kus soojusenergia m\u00fc\u00fcgihinnad on j\u00e4rgnevad: Narva (73,35 EUR\/MWh), Sillam\u00e4e (73,42 EUR\/MWh), Rakvere (103,92 EUR\/MWh). T\u00f6\u00f6tame ja pingutame iga p\u00e4ev selle nimel, et meie klientide kodud oleksid k\u00fctteperioodil soojad ning saaksime pakkuda parimat v\u00f5imalikku teenust.<\/p>\n<p>K\u00fcsimuste korral palume \u00fchendust v\u00f5tta Gren Viru klienditeenindusega telefonidel <a href=\"tel:+37256885836\">+372 5688 5836<\/a>, <a href=\"tel:+37253420563\">+3725342 0563<\/a><\/p>\n<\/div>\t<\/div>\n<\/section>","protected":false},"excerpt":{"rendered":"","protected":false},"author":1,"featured_media":0,"comment_status":"closed","ping_status":"closed","sticky":false,"template":"","format":"standard","meta":{"_acf_changed":false,"footnotes":""},"categories":[1],"tags":[],"class_list":["post-9904","post","type-post","status-publish","format-standard","hentry","category-uudised"],"acf":[],"yoast_head":"<!-- This site is optimized with the Yoast SEO plugin v26.8 - https:\/\/yoast.com\/product\/yoast-seo-wordpress\/ -->\n<title>Kohtla-J\u00e4rve \u2013 J\u00f5hvi - Ahtme v\u00f5rgupiirkonnas hakkab 01. novembrist 2023 kehtima uus soojuse hind - Gren Eesti<\/title>\n<meta name=\"robots\" content=\"index, follow, max-snippet:-1, max-image-preview:large, max-video-preview:-1\" \/>\n<link rel=\"canonical\" href=\"https:\/\/gren.com\/ee\/uudised\/kohtla-jarve-johvi-ahtme-vorgupiirkonnas-hakkab-01-novembrist-2023-kehtima-uus-soojuse-hind\/\" \/>\n<meta property=\"og:locale\" content=\"en_US\" \/>\n<meta property=\"og:type\" content=\"article\" \/>\n<meta property=\"og:title\" content=\"Kohtla-J\u00e4rve \u2013 J\u00f5hvi - Ahtme v\u00f5rgupiirkonnas hakkab 01. novembrist 2023 kehtima uus soojuse hind - Gren Eesti\" \/>\n<meta property=\"og:url\" content=\"https:\/\/gren.com\/ee\/uudised\/kohtla-jarve-johvi-ahtme-vorgupiirkonnas-hakkab-01-novembrist-2023-kehtima-uus-soojuse-hind\/\" \/>\n<meta property=\"og:site_name\" content=\"Gren Eesti\" \/>\n<meta property=\"article:published_time\" content=\"2023-09-29T17:21:00+00:00\" \/>\n<meta property=\"article:modified_time\" content=\"2024-02-08T16:55:54+00:00\" \/>\n<meta property=\"og:image\" content=\"https:\/\/grenweb01.blob.core.windows.net\/gren-web-prod\/sites\/4\/2023\/09\/heat-regulator_web-1-scaled-1.jpeg\" \/>\n\t<meta property=\"og:image:width\" content=\"2560\" \/>\n\t<meta property=\"og:image:height\" content=\"1440\" \/>\n\t<meta property=\"og:image:type\" content=\"image\/jpeg\" \/>\n<meta name=\"author\" content=\"Cube Agency\" \/>\n<meta name=\"twitter:card\" content=\"summary_large_image\" \/>\n<meta name=\"twitter:label1\" content=\"Written by\" \/>\n\t<meta name=\"twitter:data1\" content=\"Cube Agency\" \/>\n\t<meta name=\"twitter:label2\" content=\"Est. reading time\" \/>\n\t<meta name=\"twitter:data2\" content=\"1 minute\" \/>\n<script type=\"application\/ld+json\" class=\"yoast-schema-graph\">{\"@context\":\"https:\/\/schema.org\",\"@graph\":[{\"@type\":\"Article\",\"@id\":\"https:\/\/gren.com\/ee\/uudised\/kohtla-jarve-johvi-ahtme-vorgupiirkonnas-hakkab-01-novembrist-2023-kehtima-uus-soojuse-hind\/#article\",\"isPartOf\":{\"@id\":\"https:\/\/gren.com\/ee\/uudised\/kohtla-jarve-johvi-ahtme-vorgupiirkonnas-hakkab-01-novembrist-2023-kehtima-uus-soojuse-hind\/\"},\"author\":{\"name\":\"Cube Agency\",\"@id\":\"https:\/\/gren.com\/ee\/#\/schema\/person\/8276b967e07735ec4ab09394763c839f\"},\"headline\":\"Kohtla-J\u00e4rve \u2013 J\u00f5hvi &#8211; Ahtme v\u00f5rgupiirkonnas hakkab 01. novembrist 2023 kehtima uus soojuse hind\",\"datePublished\":\"2023-09-29T17:21:00+00:00\",\"dateModified\":\"2024-02-08T16:55:54+00:00\",\"mainEntityOfPage\":{\"@id\":\"https:\/\/gren.com\/ee\/uudised\/kohtla-jarve-johvi-ahtme-vorgupiirkonnas-hakkab-01-novembrist-2023-kehtima-uus-soojuse-hind\/\"},\"wordCount\":14,\"articleSection\":[\"Uudised\"],\"inLanguage\":\"en-US\"},{\"@type\":\"WebPage\",\"@id\":\"https:\/\/gren.com\/ee\/uudised\/kohtla-jarve-johvi-ahtme-vorgupiirkonnas-hakkab-01-novembrist-2023-kehtima-uus-soojuse-hind\/\",\"url\":\"https:\/\/gren.com\/ee\/uudised\/kohtla-jarve-johvi-ahtme-vorgupiirkonnas-hakkab-01-novembrist-2023-kehtima-uus-soojuse-hind\/\",\"name\":\"Kohtla-J\u00e4rve \u2013 J\u00f5hvi - Ahtme v\u00f5rgupiirkonnas hakkab 01. novembrist 2023 kehtima uus soojuse hind - Gren Eesti\",\"isPartOf\":{\"@id\":\"https:\/\/gren.com\/ee\/#website\"},\"datePublished\":\"2023-09-29T17:21:00+00:00\",\"dateModified\":\"2024-02-08T16:55:54+00:00\",\"author\":{\"@id\":\"https:\/\/gren.com\/ee\/#\/schema\/person\/8276b967e07735ec4ab09394763c839f\"},\"breadcrumb\":{\"@id\":\"https:\/\/gren.com\/ee\/uudised\/kohtla-jarve-johvi-ahtme-vorgupiirkonnas-hakkab-01-novembrist-2023-kehtima-uus-soojuse-hind\/#breadcrumb\"},\"inLanguage\":\"en-US\",\"potentialAction\":[{\"@type\":\"ReadAction\",\"target\":[\"https:\/\/gren.com\/ee\/uudised\/kohtla-jarve-johvi-ahtme-vorgupiirkonnas-hakkab-01-novembrist-2023-kehtima-uus-soojuse-hind\/\"]}]},{\"@type\":\"BreadcrumbList\",\"@id\":\"https:\/\/gren.com\/ee\/uudised\/kohtla-jarve-johvi-ahtme-vorgupiirkonnas-hakkab-01-novembrist-2023-kehtima-uus-soojuse-hind\/#breadcrumb\",\"itemListElement\":[{\"@type\":\"ListItem\",\"position\":1,\"name\":\"Home\",\"item\":\"https:\/\/gren.com\/ee\/\"},{\"@type\":\"ListItem\",\"position\":2,\"name\":\"Kohtla-J\u00e4rve \u2013 J\u00f5hvi &#8211; Ahtme v\u00f5rgupiirkonnas hakkab 01. novembrist 2023 kehtima uus soojuse hind\"}]},{\"@type\":\"WebSite\",\"@id\":\"https:\/\/gren.com\/ee\/#website\",\"url\":\"https:\/\/gren.com\/ee\/\",\"name\":\"Gren Eesti\",\"description\":\"Me oleme rohelise energia ettev\u00f5te\",\"potentialAction\":[{\"@type\":\"SearchAction\",\"target\":{\"@type\":\"EntryPoint\",\"urlTemplate\":\"https:\/\/gren.com\/ee\/?s={search_term_string}\"},\"query-input\":{\"@type\":\"PropertyValueSpecification\",\"valueRequired\":true,\"valueName\":\"search_term_string\"}}],\"inLanguage\":\"en-US\"},{\"@type\":\"Person\",\"@id\":\"https:\/\/gren.com\/ee\/#\/schema\/person\/8276b967e07735ec4ab09394763c839f\",\"name\":\"Cube Agency\",\"sameAs\":[\"https:\/\/gren.com\"]}]}<\/script>\n<!-- \/ Yoast SEO plugin. -->","yoast_head_json":{"title":"Kohtla-J\u00e4rve \u2013 J\u00f5hvi - Ahtme v\u00f5rgupiirkonnas hakkab 01. novembrist 2023 kehtima uus soojuse hind - Gren Eesti","robots":{"index":"index","follow":"follow","max-snippet":"max-snippet:-1","max-image-preview":"max-image-preview:large","max-video-preview":"max-video-preview:-1"},"canonical":"https:\/\/gren.com\/ee\/uudised\/kohtla-jarve-johvi-ahtme-vorgupiirkonnas-hakkab-01-novembrist-2023-kehtima-uus-soojuse-hind\/","og_locale":"en_US","og_type":"article","og_title":"Kohtla-J\u00e4rve \u2013 J\u00f5hvi - Ahtme v\u00f5rgupiirkonnas hakkab 01. novembrist 2023 kehtima uus soojuse hind - Gren Eesti","og_url":"https:\/\/gren.com\/ee\/uudised\/kohtla-jarve-johvi-ahtme-vorgupiirkonnas-hakkab-01-novembrist-2023-kehtima-uus-soojuse-hind\/","og_site_name":"Gren Eesti","article_published_time":"2023-09-29T17:21:00+00:00","article_modified_time":"2024-02-08T16:55:54+00:00","og_image":[{"width":2560,"height":1440,"url":"https:\/\/grenweb01.blob.core.windows.net\/gren-web-prod\/sites\/4\/2023\/09\/heat-regulator_web-1-scaled-1.jpeg","type":"image\/jpeg"}],"author":"Cube Agency","twitter_card":"summary_large_image","twitter_misc":{"Written by":"Cube Agency","Est. reading time":"1 minute"},"schema":{"@context":"https:\/\/schema.org","@graph":[{"@type":"Article","@id":"https:\/\/gren.com\/ee\/uudised\/kohtla-jarve-johvi-ahtme-vorgupiirkonnas-hakkab-01-novembrist-2023-kehtima-uus-soojuse-hind\/#article","isPartOf":{"@id":"https:\/\/gren.com\/ee\/uudised\/kohtla-jarve-johvi-ahtme-vorgupiirkonnas-hakkab-01-novembrist-2023-kehtima-uus-soojuse-hind\/"},"author":{"name":"Cube Agency","@id":"https:\/\/gren.com\/ee\/#\/schema\/person\/8276b967e07735ec4ab09394763c839f"},"headline":"Kohtla-J\u00e4rve \u2013 J\u00f5hvi &#8211; Ahtme v\u00f5rgupiirkonnas hakkab 01. novembrist 2023 kehtima uus soojuse hind","datePublished":"2023-09-29T17:21:00+00:00","dateModified":"2024-02-08T16:55:54+00:00","mainEntityOfPage":{"@id":"https:\/\/gren.com\/ee\/uudised\/kohtla-jarve-johvi-ahtme-vorgupiirkonnas-hakkab-01-novembrist-2023-kehtima-uus-soojuse-hind\/"},"wordCount":14,"articleSection":["Uudised"],"inLanguage":"en-US"},{"@type":"WebPage","@id":"https:\/\/gren.com\/ee\/uudised\/kohtla-jarve-johvi-ahtme-vorgupiirkonnas-hakkab-01-novembrist-2023-kehtima-uus-soojuse-hind\/","url":"https:\/\/gren.com\/ee\/uudised\/kohtla-jarve-johvi-ahtme-vorgupiirkonnas-hakkab-01-novembrist-2023-kehtima-uus-soojuse-hind\/","name":"Kohtla-J\u00e4rve \u2013 J\u00f5hvi - Ahtme v\u00f5rgupiirkonnas hakkab 01. novembrist 2023 kehtima uus soojuse hind - Gren Eesti","isPartOf":{"@id":"https:\/\/gren.com\/ee\/#website"},"datePublished":"2023-09-29T17:21:00+00:00","dateModified":"2024-02-08T16:55:54+00:00","author":{"@id":"https:\/\/gren.com\/ee\/#\/schema\/person\/8276b967e07735ec4ab09394763c839f"},"breadcrumb":{"@id":"https:\/\/gren.com\/ee\/uudised\/kohtla-jarve-johvi-ahtme-vorgupiirkonnas-hakkab-01-novembrist-2023-kehtima-uus-soojuse-hind\/#breadcrumb"},"inLanguage":"en-US","potentialAction":[{"@type":"ReadAction","target":["https:\/\/gren.com\/ee\/uudised\/kohtla-jarve-johvi-ahtme-vorgupiirkonnas-hakkab-01-novembrist-2023-kehtima-uus-soojuse-hind\/"]}]},{"@type":"BreadcrumbList","@id":"https:\/\/gren.com\/ee\/uudised\/kohtla-jarve-johvi-ahtme-vorgupiirkonnas-hakkab-01-novembrist-2023-kehtima-uus-soojuse-hind\/#breadcrumb","itemListElement":[{"@type":"ListItem","position":1,"name":"Home","item":"https:\/\/gren.com\/ee\/"},{"@type":"ListItem","position":2,"name":"Kohtla-J\u00e4rve \u2013 J\u00f5hvi &#8211; Ahtme v\u00f5rgupiirkonnas hakkab 01. novembrist 2023 kehtima uus soojuse hind"}]},{"@type":"WebSite","@id":"https:\/\/gren.com\/ee\/#website","url":"https:\/\/gren.com\/ee\/","name":"Gren Eesti","description":"Me oleme rohelise energia ettev\u00f5te","potentialAction":[{"@type":"SearchAction","target":{"@type":"EntryPoint","urlTemplate":"https:\/\/gren.com\/ee\/?s={search_term_string}"},"query-input":{"@type":"PropertyValueSpecification","valueRequired":true,"valueName":"search_term_string"}}],"inLanguage":"en-US"},{"@type":"Person","@id":"https:\/\/gren.com\/ee\/#\/schema\/person\/8276b967e07735ec4ab09394763c839f","name":"Cube Agency","sameAs":["https:\/\/gren.com"]}]}},"_links":{"self":[{"href":"https:\/\/gren.com\/ee\/wp-json\/wp\/v2\/posts\/9904","targetHints":{"allow":["GET"]}}],"collection":[{"href":"https:\/\/gren.com\/ee\/wp-json\/wp\/v2\/posts"}],"about":[{"href":"https:\/\/gren.com\/ee\/wp-json\/wp\/v2\/types\/post"}],"author":[{"embeddable":true,"href":"https:\/\/gren.com\/ee\/wp-json\/wp\/v2\/users\/1"}],"replies":[{"embeddable":true,"href":"https:\/\/gren.com\/ee\/wp-json\/wp\/v2\/comments?post=9904"}],"version-history":[{"count":4,"href":"https:\/\/gren.com\/ee\/wp-json\/wp\/v2\/posts\/9904\/revisions"}],"predecessor-version":[{"id":12762,"href":"https:\/\/gren.com\/ee\/wp-json\/wp\/v2\/posts\/9904\/revisions\/12762"}],"wp:attachment":[{"href":"https:\/\/gren.com\/ee\/wp-json\/wp\/v2\/media?parent=9904"}],"wp:term":[{"taxonomy":"category","embeddable":true,"href":"https:\/\/gren.com\/ee\/wp-json\/wp\/v2\/categories?post=9904"},{"taxonomy":"post_tag","embeddable":true,"href":"https:\/\/gren.com\/ee\/wp-json\/wp\/v2\/tags?post=9904"}],"curies":[{"name":"wp","href":"https:\/\/api.w.org\/{rel}","templated":true}]}}