{"id":10458,"date":"2022-03-10T21:33:00","date_gmt":"2022-03-10T19:33:00","guid":{"rendered":"https:\/\/web-staging.gren.com\/lat\/?p=10458"},"modified":"2023-12-14T14:00:36","modified_gmt":"2023-12-14T12:00:36","slug":"10-03-2022-gren-atbalsta-kara-cietusos-ukrainas-iedzivotajus","status":"publish","type":"post","link":"https:\/\/gren.com\/lv\/jaunumi\/10-03-2022-gren-atbalsta-kara-cietusos-ukrainas-iedzivotajus\/","title":{"rendered":"10.03.2022. Gren atbalsta kar\u0101 cietu\u0161os Ukrainas iedz\u012bvot\u0101jus"},"content":{"rendered":"<style type=\"text\/css\">.page-hero{padding:140px 0 30px;position:relative}.page-hero-content{max-width:300px}.page-hero h4,.page-hero p{font-size:16px;font-weight:400;line-height:24px}.page-hero .date{margin-top:24px;color:#fff;font-size:20px}.page-hero-video-wrap{position:absolute;top:0;left:0;width:100%;height:100%;z-index:-1;overflow:hidden}.page-hero-video{width:100%;height:100%;object-fit:cover}@media(min-width: 576px){.page-hero-content{max-width:850px}}@media(min-width: 992px){.page-hero{padding:210px 0 64px}.page-hero h4,.page-hero p{font-size:24px;line-height:30px}}\n\n\/*# sourceMappingURL=block-page-hero.min.css.map*\/<\/style><section id=\"page-hero-block_c264992b9e44934a3e1862688b13f1ed\" class=\"block page-hero\" style=\"background: url(https:\/\/grenweb01.blob.core.windows.net\/gren-web-prod\/sites\/2\/2023\/11\/hero-bg.jpg) no-repeat center\/cover\">\n\t<div class=\"container\"  data-block-animate>\n\t\t\t\t\t<div class=\"page-hero-content text-wrap\"  data-animate-part>\n\t\t\t\t<h1><span style=\"color: #ffffff;\">10.03.2022. Gren atbalsta kar\u0101 cietu\u0161os Ukrainas iedz\u012bvot\u0101jus<\/span><\/h1>\n\n                <div class=\"date\">10.03.22<\/div>\t\t\t<\/div>\n\t\t\t<\/div>\n<\/section>\n\n<style type=\"text\/css\">.full-width-written-content p>a{font-weight:700}\n\n\/*# sourceMappingURL=block-full-width-written-content.min.css.map*\/<\/style><section id=\"full-width-written-content-block_bbe89872c09385f9111bcd82bcf12ff7\" class=\"block full-width-written-content\">\n\t<div class=\"container\" data-block-animate>\n\t\t<div class=\"text-wrap\" data-animate-part><p>Ceturtdien, 24.febru\u0101r\u012b, Krievijas karasp\u0113ks iebruka Ukrain\u0101. Mums, Gren, \u0161is nepamatotais kar\u0161 pret Ukrainas suverenit\u0101ti un t\u0101s tautu ir nepie\u0146emams un raisa gan skumjas, gan l\u012bdzj\u016bt\u012bbu.<\/p>\n<p>Lai atbalst\u012btu Ukrainas iedz\u012bvot\u0101jus, kuri cie\u0161 no Krievijas izrais\u012bt\u0101 brut\u0101l\u0101 un ne\u017e\u0113l\u012bg\u0101 kara Ukrain\u0101, Gren \u2013 Zieme\u013ceiropas za\u013c\u0101s ener\u0123ijas uz\u0146\u0113mums, ziedo 30 000 eiro jeb 100 eiro par katru Gren darbinieku, organiz\u0101cijai Sarkanais Krusts. Ziedojuma summa tiks l\u012bdzv\u0113rt\u012bgi sadal\u012bta Sarkan\u0101 Krusta organiz\u0101cij\u0101m Latvij\u0101, Lietuv\u0101 un Igaunij\u0101.<\/p>\n<p>\u201c\u0160obr\u012bd neviens nevar vienaldz\u012bgi palikt mal\u0101. M\u016bsu visu uzman\u012bba ir piev\u0113rsta notieko\u0161ajam Ukrain\u0101, kur miljoniem nevain\u012bgi cilv\u0113ki cie\u0161, iet boj\u0101 un ir spiesti pamest savas m\u0101jas un dzimto zemi. Ir gr\u016bti aptvert, ka kaut kas t\u0101ds notiek Eirop\u0101 21. gadsimt\u0101. M\u0113s, Gren darbinieki, solidariz\u0113jamies ar Eiropas demokr\u0101tiskaj\u0101m v\u0113rt\u012bb\u0101m un atbalst\u0101m kar\u0101 cietu\u0161os Ukrainas iedz\u012bvot\u0101jus. Esam p\u0101rliecin\u0101ti, Sarkan\u0101 Krusta organiz\u0101cijas Latvij\u0101, Lietuv\u0101 un Igaunij\u0101 m\u016bsu sniegto atbalstu izmantos m\u0113r\u0137iem, kur tas ir visvair\u0101k nepiecie\u0161ams, lai pal\u012bdz\u0113tu Ukrainas iedz\u012bvot\u0101jiem. Esam gatavi sniegt atbalstu ar\u012b turpm\u0101k,\u201d st\u0101sta Ilka N\u012branens (Ilkka Niiranen), Gren uz\u0146\u0113muma vad\u012bt\u0101js (CEO).<\/p>\n<\/div>\t<\/div>\n<\/section>","protected":false},"excerpt":{"rendered":"","protected":false},"author":1,"featured_media":4987,"comment_status":"closed","ping_status":"closed","sticky":false,"template":"","format":"standard","meta":{"_acf_changed":false,"footnotes":""},"categories":[1],"tags":[],"class_list":["post-10458","post","type-post","status-publish","format-standard","has-post-thumbnail","hentry","category-jaunumi"],"acf":[],"yoast_head":"<!-- This site is optimized with the Yoast SEO plugin v26.8 - https:\/\/yoast.com\/product\/yoast-seo-wordpress\/ -->\n<title>10.03.2022. Gren atbalsta kar\u0101 cietu\u0161os Ukrainas iedz\u012bvot\u0101jus - Gren Latvija<\/title>\n<meta name=\"robots\" content=\"index, follow, max-snippet:-1, max-image-preview:large, max-video-preview:-1\" \/>\n<link rel=\"canonical\" href=\"https:\/\/gren.com\/lv\/jaunumi\/10-03-2022-gren-atbalsta-kara-cietusos-ukrainas-iedzivotajus\/\" \/>\n<meta property=\"og:locale\" content=\"en_US\" \/>\n<meta property=\"og:type\" content=\"article\" \/>\n<meta property=\"og:title\" content=\"10.03.2022. Gren atbalsta kar\u0101 cietu\u0161os Ukrainas iedz\u012bvot\u0101jus - Gren Latvija\" \/>\n<meta property=\"og:url\" content=\"https:\/\/gren.com\/lv\/jaunumi\/10-03-2022-gren-atbalsta-kara-cietusos-ukrainas-iedzivotajus\/\" \/>\n<meta property=\"og:site_name\" content=\"Gren Latvija\" \/>\n<meta property=\"article:published_time\" content=\"2022-03-10T19:33:00+00:00\" \/>\n<meta property=\"article:modified_time\" content=\"2023-12-14T12:00:36+00:00\" \/>\n<meta property=\"og:image\" content=\"https:\/\/grenweb01.blob.core.windows.net\/gren-web-prod\/sites\/2\/2022\/03\/ukraine-scaled-e1649093437196.jpeg\" \/>\n\t<meta property=\"og:image:width\" content=\"1875\" \/>\n\t<meta property=\"og:image:height\" content=\"1056\" \/>\n\t<meta property=\"og:image:type\" content=\"image\/jpeg\" \/>\n<meta name=\"author\" content=\"Cube Agency\" \/>\n<meta name=\"twitter:card\" content=\"summary_large_image\" \/>\n<meta name=\"twitter:label1\" content=\"Written by\" \/>\n\t<meta name=\"twitter:data1\" content=\"Cube Agency\" \/>\n\t<meta name=\"twitter:label2\" content=\"Est. reading time\" \/>\n\t<meta name=\"twitter:data2\" content=\"1 minute\" \/>\n<script type=\"application\/ld+json\" class=\"yoast-schema-graph\">{\"@context\":\"https:\/\/schema.org\",\"@graph\":[{\"@type\":\"Article\",\"@id\":\"https:\/\/gren.com\/lv\/jaunumi\/10-03-2022-gren-atbalsta-kara-cietusos-ukrainas-iedzivotajus\/#article\",\"isPartOf\":{\"@id\":\"https:\/\/gren.com\/lv\/jaunumi\/10-03-2022-gren-atbalsta-kara-cietusos-ukrainas-iedzivotajus\/\"},\"author\":{\"name\":\"Cube Agency\",\"@id\":\"https:\/\/gren.com\/lv\/#\/schema\/person\/8276b967e07735ec4ab09394763c839f\"},\"headline\":\"10.03.2022. Gren atbalsta kar\u0101 cietu\u0161os Ukrainas iedz\u012bvot\u0101jus\",\"datePublished\":\"2022-03-10T19:33:00+00:00\",\"dateModified\":\"2023-12-14T12:00:36+00:00\",\"mainEntityOfPage\":{\"@id\":\"https:\/\/gren.com\/lv\/jaunumi\/10-03-2022-gren-atbalsta-kara-cietusos-ukrainas-iedzivotajus\/\"},\"wordCount\":9,\"image\":{\"@id\":\"https:\/\/gren.com\/lv\/jaunumi\/10-03-2022-gren-atbalsta-kara-cietusos-ukrainas-iedzivotajus\/#primaryimage\"},\"thumbnailUrl\":\"https:\/\/grenweb01.blob.core.windows.net\/gren-web-prod\/sites\/2\/2022\/03\/ukraine-scaled-e1649093437196.jpeg\",\"articleSection\":[\"Jaunumi\"],\"inLanguage\":\"en-US\"},{\"@type\":\"WebPage\",\"@id\":\"https:\/\/gren.com\/lv\/jaunumi\/10-03-2022-gren-atbalsta-kara-cietusos-ukrainas-iedzivotajus\/\",\"url\":\"https:\/\/gren.com\/lv\/jaunumi\/10-03-2022-gren-atbalsta-kara-cietusos-ukrainas-iedzivotajus\/\",\"name\":\"10.03.2022. Gren atbalsta kar\u0101 cietu\u0161os Ukrainas iedz\u012bvot\u0101jus - Gren Latvija\",\"isPartOf\":{\"@id\":\"https:\/\/gren.com\/lv\/#website\"},\"primaryImageOfPage\":{\"@id\":\"https:\/\/gren.com\/lv\/jaunumi\/10-03-2022-gren-atbalsta-kara-cietusos-ukrainas-iedzivotajus\/#primaryimage\"},\"image\":{\"@id\":\"https:\/\/gren.com\/lv\/jaunumi\/10-03-2022-gren-atbalsta-kara-cietusos-ukrainas-iedzivotajus\/#primaryimage\"},\"thumbnailUrl\":\"https:\/\/grenweb01.blob.core.windows.net\/gren-web-prod\/sites\/2\/2022\/03\/ukraine-scaled-e1649093437196.jpeg\",\"datePublished\":\"2022-03-10T19:33:00+00:00\",\"dateModified\":\"2023-12-14T12:00:36+00:00\",\"author\":{\"@id\":\"https:\/\/gren.com\/lv\/#\/schema\/person\/8276b967e07735ec4ab09394763c839f\"},\"breadcrumb\":{\"@id\":\"https:\/\/gren.com\/lv\/jaunumi\/10-03-2022-gren-atbalsta-kara-cietusos-ukrainas-iedzivotajus\/#breadcrumb\"},\"inLanguage\":\"en-US\",\"potentialAction\":[{\"@type\":\"ReadAction\",\"target\":[\"https:\/\/gren.com\/lv\/jaunumi\/10-03-2022-gren-atbalsta-kara-cietusos-ukrainas-iedzivotajus\/\"]}]},{\"@type\":\"ImageObject\",\"inLanguage\":\"en-US\",\"@id\":\"https:\/\/gren.com\/lv\/jaunumi\/10-03-2022-gren-atbalsta-kara-cietusos-ukrainas-iedzivotajus\/#primaryimage\",\"url\":\"https:\/\/grenweb01.blob.core.windows.net\/gren-web-prod\/sites\/2\/2022\/03\/ukraine-scaled-e1649093437196.jpeg\",\"contentUrl\":\"https:\/\/grenweb01.blob.core.windows.net\/gren-web-prod\/sites\/2\/2022\/03\/ukraine-scaled-e1649093437196.jpeg\",\"width\":1875,\"height\":1056,\"caption\":\"Child in a wheat field. In vyshyvanka, the concept of the Independence Day of Ukraine. Selective focus. Kid.\"},{\"@type\":\"BreadcrumbList\",\"@id\":\"https:\/\/gren.com\/lv\/jaunumi\/10-03-2022-gren-atbalsta-kara-cietusos-ukrainas-iedzivotajus\/#breadcrumb\",\"itemListElement\":[{\"@type\":\"ListItem\",\"position\":1,\"name\":\"Home\",\"item\":\"https:\/\/gren.com\/lv\/\"},{\"@type\":\"ListItem\",\"position\":2,\"name\":\"10.03.2022. Gren atbalsta kar\u0101 cietu\u0161os Ukrainas iedz\u012bvot\u0101jus\"}]},{\"@type\":\"WebSite\",\"@id\":\"https:\/\/gren.com\/lv\/#website\",\"url\":\"https:\/\/gren.com\/lv\/\",\"name\":\"Gren Latvija\",\"description\":\"N\u0101kotnes ener\u0123ija top \u0161odien\",\"potentialAction\":[{\"@type\":\"SearchAction\",\"target\":{\"@type\":\"EntryPoint\",\"urlTemplate\":\"https:\/\/gren.com\/lv\/?s={search_term_string}\"},\"query-input\":{\"@type\":\"PropertyValueSpecification\",\"valueRequired\":true,\"valueName\":\"search_term_string\"}}],\"inLanguage\":\"en-US\"},{\"@type\":\"Person\",\"@id\":\"https:\/\/gren.com\/lv\/#\/schema\/person\/8276b967e07735ec4ab09394763c839f\",\"name\":\"Cube Agency\",\"sameAs\":[\"https:\/\/gren.com\"]}]}<\/script>\n<!-- \/ Yoast SEO plugin. -->","yoast_head_json":{"title":"10.03.2022. Gren atbalsta kar\u0101 cietu\u0161os Ukrainas iedz\u012bvot\u0101jus - Gren Latvija","robots":{"index":"index","follow":"follow","max-snippet":"max-snippet:-1","max-image-preview":"max-image-preview:large","max-video-preview":"max-video-preview:-1"},"canonical":"https:\/\/gren.com\/lv\/jaunumi\/10-03-2022-gren-atbalsta-kara-cietusos-ukrainas-iedzivotajus\/","og_locale":"en_US","og_type":"article","og_title":"10.03.2022. Gren atbalsta kar\u0101 cietu\u0161os Ukrainas iedz\u012bvot\u0101jus - Gren Latvija","og_url":"https:\/\/gren.com\/lv\/jaunumi\/10-03-2022-gren-atbalsta-kara-cietusos-ukrainas-iedzivotajus\/","og_site_name":"Gren Latvija","article_published_time":"2022-03-10T19:33:00+00:00","article_modified_time":"2023-12-14T12:00:36+00:00","og_image":[{"width":1875,"height":1056,"url":"https:\/\/grenweb01.blob.core.windows.net\/gren-web-prod\/sites\/2\/2022\/03\/ukraine-scaled-e1649093437196.jpeg","type":"image\/jpeg"}],"author":"Cube Agency","twitter_card":"summary_large_image","twitter_misc":{"Written by":"Cube Agency","Est. reading time":"1 minute"},"schema":{"@context":"https:\/\/schema.org","@graph":[{"@type":"Article","@id":"https:\/\/gren.com\/lv\/jaunumi\/10-03-2022-gren-atbalsta-kara-cietusos-ukrainas-iedzivotajus\/#article","isPartOf":{"@id":"https:\/\/gren.com\/lv\/jaunumi\/10-03-2022-gren-atbalsta-kara-cietusos-ukrainas-iedzivotajus\/"},"author":{"name":"Cube Agency","@id":"https:\/\/gren.com\/lv\/#\/schema\/person\/8276b967e07735ec4ab09394763c839f"},"headline":"10.03.2022. Gren atbalsta kar\u0101 cietu\u0161os Ukrainas iedz\u012bvot\u0101jus","datePublished":"2022-03-10T19:33:00+00:00","dateModified":"2023-12-14T12:00:36+00:00","mainEntityOfPage":{"@id":"https:\/\/gren.com\/lv\/jaunumi\/10-03-2022-gren-atbalsta-kara-cietusos-ukrainas-iedzivotajus\/"},"wordCount":9,"image":{"@id":"https:\/\/gren.com\/lv\/jaunumi\/10-03-2022-gren-atbalsta-kara-cietusos-ukrainas-iedzivotajus\/#primaryimage"},"thumbnailUrl":"https:\/\/grenweb01.blob.core.windows.net\/gren-web-prod\/sites\/2\/2022\/03\/ukraine-scaled-e1649093437196.jpeg","articleSection":["Jaunumi"],"inLanguage":"en-US"},{"@type":"WebPage","@id":"https:\/\/gren.com\/lv\/jaunumi\/10-03-2022-gren-atbalsta-kara-cietusos-ukrainas-iedzivotajus\/","url":"https:\/\/gren.com\/lv\/jaunumi\/10-03-2022-gren-atbalsta-kara-cietusos-ukrainas-iedzivotajus\/","name":"10.03.2022. Gren atbalsta kar\u0101 cietu\u0161os Ukrainas iedz\u012bvot\u0101jus - Gren Latvija","isPartOf":{"@id":"https:\/\/gren.com\/lv\/#website"},"primaryImageOfPage":{"@id":"https:\/\/gren.com\/lv\/jaunumi\/10-03-2022-gren-atbalsta-kara-cietusos-ukrainas-iedzivotajus\/#primaryimage"},"image":{"@id":"https:\/\/gren.com\/lv\/jaunumi\/10-03-2022-gren-atbalsta-kara-cietusos-ukrainas-iedzivotajus\/#primaryimage"},"thumbnailUrl":"https:\/\/grenweb01.blob.core.windows.net\/gren-web-prod\/sites\/2\/2022\/03\/ukraine-scaled-e1649093437196.jpeg","datePublished":"2022-03-10T19:33:00+00:00","dateModified":"2023-12-14T12:00:36+00:00","author":{"@id":"https:\/\/gren.com\/lv\/#\/schema\/person\/8276b967e07735ec4ab09394763c839f"},"breadcrumb":{"@id":"https:\/\/gren.com\/lv\/jaunumi\/10-03-2022-gren-atbalsta-kara-cietusos-ukrainas-iedzivotajus\/#breadcrumb"},"inLanguage":"en-US","potentialAction":[{"@type":"ReadAction","target":["https:\/\/gren.com\/lv\/jaunumi\/10-03-2022-gren-atbalsta-kara-cietusos-ukrainas-iedzivotajus\/"]}]},{"@type":"ImageObject","inLanguage":"en-US","@id":"https:\/\/gren.com\/lv\/jaunumi\/10-03-2022-gren-atbalsta-kara-cietusos-ukrainas-iedzivotajus\/#primaryimage","url":"https:\/\/grenweb01.blob.core.windows.net\/gren-web-prod\/sites\/2\/2022\/03\/ukraine-scaled-e1649093437196.jpeg","contentUrl":"https:\/\/grenweb01.blob.core.windows.net\/gren-web-prod\/sites\/2\/2022\/03\/ukraine-scaled-e1649093437196.jpeg","width":1875,"height":1056,"caption":"Child in a wheat field. In vyshyvanka, the concept of the Independence Day of Ukraine. Selective focus. Kid."},{"@type":"BreadcrumbList","@id":"https:\/\/gren.com\/lv\/jaunumi\/10-03-2022-gren-atbalsta-kara-cietusos-ukrainas-iedzivotajus\/#breadcrumb","itemListElement":[{"@type":"ListItem","position":1,"name":"Home","item":"https:\/\/gren.com\/lv\/"},{"@type":"ListItem","position":2,"name":"10.03.2022. Gren atbalsta kar\u0101 cietu\u0161os Ukrainas iedz\u012bvot\u0101jus"}]},{"@type":"WebSite","@id":"https:\/\/gren.com\/lv\/#website","url":"https:\/\/gren.com\/lv\/","name":"Gren Latvija","description":"N\u0101kotnes ener\u0123ija top \u0161odien","potentialAction":[{"@type":"SearchAction","target":{"@type":"EntryPoint","urlTemplate":"https:\/\/gren.com\/lv\/?s={search_term_string}"},"query-input":{"@type":"PropertyValueSpecification","valueRequired":true,"valueName":"search_term_string"}}],"inLanguage":"en-US"},{"@type":"Person","@id":"https:\/\/gren.com\/lv\/#\/schema\/person\/8276b967e07735ec4ab09394763c839f","name":"Cube Agency","sameAs":["https:\/\/gren.com"]}]}},"_links":{"self":[{"href":"https:\/\/gren.com\/lv\/wp-json\/wp\/v2\/posts\/10458","targetHints":{"allow":["GET"]}}],"collection":[{"href":"https:\/\/gren.com\/lv\/wp-json\/wp\/v2\/posts"}],"about":[{"href":"https:\/\/gren.com\/lv\/wp-json\/wp\/v2\/types\/post"}],"author":[{"embeddable":true,"href":"https:\/\/gren.com\/lv\/wp-json\/wp\/v2\/users\/1"}],"replies":[{"embeddable":true,"href":"https:\/\/gren.com\/lv\/wp-json\/wp\/v2\/comments?post=10458"}],"version-history":[{"count":2,"href":"https:\/\/gren.com\/lv\/wp-json\/wp\/v2\/posts\/10458\/revisions"}],"predecessor-version":[{"id":10460,"href":"https:\/\/gren.com\/lv\/wp-json\/wp\/v2\/posts\/10458\/revisions\/10460"}],"wp:featuredmedia":[{"embeddable":true,"href":"https:\/\/gren.com\/lv\/wp-json\/wp\/v2\/media\/4987"}],"wp:attachment":[{"href":"https:\/\/gren.com\/lv\/wp-json\/wp\/v2\/media?parent=10458"}],"wp:term":[{"taxonomy":"category","embeddable":true,"href":"https:\/\/gren.com\/lv\/wp-json\/wp\/v2\/categories?post=10458"},{"taxonomy":"post_tag","embeddable":true,"href":"https:\/\/gren.com\/lv\/wp-json\/wp\/v2\/tags?post=10458"}],"curies":[{"name":"wp","href":"https:\/\/api.w.org\/{rel}","templated":true}]}}