{"id":15445,"date":"2024-05-21T09:15:00","date_gmt":"2024-05-21T06:15:00","guid":{"rendered":"https:\/\/gren.com\/lv\/?p=15445"},"modified":"2024-05-21T09:14:39","modified_gmt":"2024-05-21T06:14:39","slug":"aicinam-uz-gren-atverto-durvju-dienas-svetkiem-3","status":"publish","type":"post","link":"https:\/\/gren.com\/lv\/jaunumi\/aicinam-uz-gren-atverto-durvju-dienas-svetkiem-3\/","title":{"rendered":"Aicin\u0101m uz Gren Atv\u0113rto durvju dienas sv\u0113tkiem!"},"content":{"rendered":"<style type=\"text\/css\">.page-hero{padding:140px 0 30px;position:relative}.page-hero-content{max-width:300px}.page-hero h4,.page-hero p{font-size:16px;font-weight:400;line-height:24px}.page-hero .date{margin-top:24px;color:#fff;font-size:20px}.page-hero-video-wrap{position:absolute;top:0;left:0;width:100%;height:100%;z-index:-1;overflow:hidden}.page-hero-video{width:100%;height:100%;object-fit:cover}@media(min-width: 576px){.page-hero-content{max-width:850px}}@media(min-width: 992px){.page-hero{padding:210px 0 64px}.page-hero h4,.page-hero p{font-size:24px;line-height:30px}}\n\n\/*# sourceMappingURL=block-page-hero.min.css.map*\/<\/style><section id=\"page-hero-block_31312550da355bdde431214616c18126\" class=\"block page-hero\" style=\"background: url(https:\/\/grenweb01.blob.core.windows.net\/gren-web-prod\/sites\/2\/2024\/05\/Open-Doors-Jelgava-scaled.jpg) no-repeat center\/cover\">\n\t<div class=\"container\"  data-block-animate>\n\t\t\t\t\t<div class=\"page-hero-content text-wrap\"  data-animate-part>\n\t\t\t\t<h3><span style=\"color: #ffffff\">Aicin\u0101m uz Gren Atv\u0113rto durvju dienas sv\u0113tkiem!<\/span><\/h3>\n\n                <div class=\"date\">21.05.24<\/div>\t\t\t<\/div>\n\t\t\t<\/div>\n<\/section>\n\n<style type=\"text\/css\">.full-width-written-content p>a{font-weight:700}\n\n\/*# sourceMappingURL=block-full-width-written-content.min.css.map*\/<\/style><section id=\"full-width-written-content-block_6eecd29bb853f8192404ffb4e5a0d0dd\" class=\"block full-width-written-content\">\n\t<div class=\"container\" data-block-animate>\n\t\t<div class=\"text-wrap\" data-animate-part><p><strong>God\u0101tie Gren klienti, sadarb\u012bbas partneri, jelgavnieki un pils\u0113tas viesi!<\/strong><\/p>\n<p>Gaid\u012bsim ciemos jelgavniekus un pils\u0113tas viesus <strong>25. maij\u0101 no plkst. 11:00 \u2013 15:00<\/strong>, lai kop\u0101 svin\u0113tu Jelgavas pils\u0113tas sv\u0113tkus <strong>Gren biomasas ko\u0123ener\u0101cijas stacijas Atv\u0113rto durvju dien\u0101!<\/strong> Aicin\u0101ti visi, kam interes\u0113 uzzin\u0101t ko vair\u0101k par centraliz\u0113to siltumapg\u0101di Jelgavas pils\u0113t\u0101, t\u0101s darb\u012bbu un att\u012bst\u012bbu n\u0101kotn\u0113, kop\u0101 svin\u0113t, priec\u0101ties par paveikto za\u013c\u0101s ener\u0123ijas ra\u017eo\u0161an\u0101 Jelgav\u0101 un baud\u012bt jauku sestdienu.<\/p>\n<p>Esam sagatavoju\u0161i interesantu programmu visai \u0123imenei. Papildus apmekl\u0113t\u0101ju vid\u016b tik popul\u0101raj\u0101m, izzino\u0161aj\u0101m ekskursij\u0101m ko\u0123ener\u0101cijas stacijas darbinieku pavad\u012bb\u0101, pied\u0101v\u0101sim jau par trad\u012bciju k\u013cuvu\u0161as aktivit\u0101tes \u2013 rado\u0161\u0101s darbn\u012bcas b\u0113rniem, viktor\u012bnas, citus p\u0101rsteigumus, k\u0101 ar\u012b muzik\u0101lu baud\u012bjumu.<\/p>\n<p><strong>Pas\u0101kuma programm\u0101:<\/strong><\/p>\n<p><strong>11:00<\/strong>\u00a0S\u0101kums &#8211; atveram v\u0101rtus sv\u0113tku apmekl\u0113t\u0101jiem<\/p>\n<p><strong>11:15<\/strong> Muzic\u0113 &#8211; Ceremonijor\u0137estris \u201cMiers un B\u0113rzi\u0146\u0161\u201d<\/p>\n<p><strong>12:00 <\/strong>Sv\u0113tku ofici\u0101l\u0101 atkl\u0101\u0161ana &#8211; Jelgavas valstspils\u0113tas domes priek\u0161s\u0113d\u0113t\u0101ja Andra R\u0101vi\u0146a un uz\u0146\u0113muma Gren vad\u012bt\u0101ja Latvij\u0101 Andra Vanaga uzrunas<\/p>\n<p><strong>12.10 <\/strong>Le\u013c\u013cu te\u0101tra \u201cRIKKO\u201d koncerts b\u0113rnu auditorijai<\/p>\n<p><strong>13.00 <\/strong>Muzic\u0113 Di\u0101na P\u012br\u0101gs un ansamblis \u201cLe Petit Paris\u201d<\/p>\n<p><strong>14.00 <\/strong>\u201cGren\u201d diskot\u0113ka un rota\u013cas kop\u0101 ar \u0112riku Balodi<\/p>\n<p><strong>15.00<\/strong>\u00a0Pas\u0101kuma nosl\u0113gums<\/p>\n<p><strong>Aktivit\u0101tes teritorij\u0101:<\/strong> Gren inform\u0101cijas telts un izzino\u0161as sarunas par \u0113ku siltumapg\u0101di, rado\u0161\u0101s darbn\u012bcas b\u0113rniem, sv\u0113r\u0161an\u0101s uz \u0161\u0137eldas auto svariem un citi p\u0101rsteigumi.<\/p>\n<p>Un, protams, Atv\u0113rto durvju diena nav iedom\u0101jama bez Latvij\u0101 liel\u0101k\u0101s biomasas ko\u0123ener\u0101cijas stacijas apskates ekskursij\u0101m uz\u0146\u0113muma gidu pavad\u012bb\u0101. Apmekl\u0113t\u0101jiem 35 \u2013 40 min\u016b\u0161u laik\u0101 b\u016bs iesp\u0113ja apskat\u012bt ra\u017eo\u0161anas telpas un uzzin\u0101t, k\u0101 no viet\u0113j\u0101, atjaunojam\u0101 resursa \u2013 \u0161\u0137eldas, tiek ra\u017eots siltums un elektr\u012bba.<\/p>\n<p><strong>Pl\u0101notie ekskursiju laiki: 11:15; 11:45; 12:15; 12:45; 13:15; 13:45: 14:15.<\/strong><\/p>\n<p>Iepriek\u0161\u0113ja pieteik\u0161an\u0101s nav nepiecie\u0161ama, tom\u0113r uz ekskursij\u0101m ieteicams ierasties savlaic\u012bgi, lai var pag\u016bt piere\u0123istr\u0113ties un sa\u0146emt dro\u0161\u012bbas apr\u012bkojumu \u2013 \u0137iveres, atstarojo\u0161\u0101s vestes un aizsargbrilles. Ekskursijas dal\u012bbniekiem v\u0113lami zemi, stabili apavi, d\u0101m\u0101m \u2013 v\u0113lams, lai sv\u0101rki, kleitas nav p\u0101rlieku kuplas, kas var\u0113tu kaut kur aiz\u0137erties.<\/p>\n<p>Uz tik\u0161anos Gren biomasas ko\u0123ener\u0101cijas stacij\u0101 R\u016bpniec\u012bbas iel\u0101 73A, Jelgav\u0101!<\/p>\n<p>Prieks b\u016bt j\u016bsu siltumener\u0123ijas pieg\u0101d\u0101t\u0101jam!<\/p>\n<p>Gren<\/p>\n<\/div>\t<\/div>\n<\/section>","protected":false},"excerpt":{"rendered":"","protected":false},"author":7,"featured_media":15448,"comment_status":"closed","ping_status":"closed","sticky":false,"template":"","format":"standard","meta":{"_acf_changed":false,"footnotes":""},"categories":[1],"tags":[],"class_list":["post-15445","post","type-post","status-publish","format-standard","has-post-thumbnail","hentry","category-jaunumi"],"acf":[],"yoast_head":"<!-- This site is optimized with the Yoast SEO plugin v26.8 - https:\/\/yoast.com\/product\/yoast-seo-wordpress\/ -->\n<title>Aicin\u0101m uz Gren Atv\u0113rto durvju dienas sv\u0113tkiem! - Gren Latvija<\/title>\n<meta name=\"description\" content=\"Gaid\u012bsim ciemos jelgavniekus un pils\u0113tas viesus 25. maij\u0101 no plkst. 11:00 \u2013 15:00, lai kop\u0101 svin\u0113tu Jelgavas pils\u0113tas sv\u0113tkus Gren biomasas ko\u0123ener\u0101cijas stacijas Atv\u0113rto durvju dien\u0101!\" \/>\n<meta name=\"robots\" content=\"index, follow, max-snippet:-1, max-image-preview:large, max-video-preview:-1\" \/>\n<link rel=\"canonical\" href=\"https:\/\/gren.com\/lv\/jaunumi\/aicinam-uz-gren-atverto-durvju-dienas-svetkiem-3\/\" \/>\n<meta property=\"og:locale\" content=\"en_US\" \/>\n<meta property=\"og:type\" content=\"article\" \/>\n<meta property=\"og:title\" content=\"Aicin\u0101m uz Gren Atv\u0113rto durvju dienas sv\u0113tkiem! - Gren Latvija\" \/>\n<meta property=\"og:description\" content=\"Gaid\u012bsim ciemos jelgavniekus un pils\u0113tas viesus 25. maij\u0101 no plkst. 11:00 \u2013 15:00, lai kop\u0101 svin\u0113tu Jelgavas pils\u0113tas sv\u0113tkus Gren biomasas ko\u0123ener\u0101cijas stacijas Atv\u0113rto durvju dien\u0101!\" \/>\n<meta property=\"og:url\" content=\"https:\/\/gren.com\/lv\/jaunumi\/aicinam-uz-gren-atverto-durvju-dienas-svetkiem-3\/\" \/>\n<meta property=\"og:site_name\" content=\"Gren Latvija\" \/>\n<meta property=\"article:published_time\" content=\"2024-05-21T06:15:00+00:00\" \/>\n<meta property=\"og:image\" content=\"https:\/\/grenweb01.blob.core.windows.net\/gren-web-prod\/sites\/2\/2024\/05\/Open-Doors-Jelgava-scaled.jpg\" \/>\n\t<meta property=\"og:image:width\" content=\"2560\" \/>\n\t<meta property=\"og:image:height\" content=\"1440\" \/>\n\t<meta property=\"og:image:type\" content=\"image\/jpeg\" \/>\n<meta name=\"author\" content=\"guntra\" \/>\n<meta name=\"twitter:card\" content=\"summary_large_image\" \/>\n<meta name=\"twitter:label1\" content=\"Written by\" \/>\n\t<meta name=\"twitter:data1\" content=\"guntra\" \/>\n\t<meta name=\"twitter:label2\" content=\"Est. reading time\" \/>\n\t<meta name=\"twitter:data2\" content=\"2 minutes\" \/>\n<script type=\"application\/ld+json\" class=\"yoast-schema-graph\">{\"@context\":\"https:\/\/schema.org\",\"@graph\":[{\"@type\":\"Article\",\"@id\":\"https:\/\/gren.com\/lv\/jaunumi\/aicinam-uz-gren-atverto-durvju-dienas-svetkiem-3\/#article\",\"isPartOf\":{\"@id\":\"https:\/\/gren.com\/lv\/jaunumi\/aicinam-uz-gren-atverto-durvju-dienas-svetkiem-3\/\"},\"author\":{\"name\":\"guntra\",\"@id\":\"https:\/\/gren.com\/lv\/#\/schema\/person\/7feccd2c7b506b94ca4222eba1ea7fba\"},\"headline\":\"Aicin\u0101m uz Gren Atv\u0113rto durvju dienas sv\u0113tkiem!\",\"datePublished\":\"2024-05-21T06:15:00+00:00\",\"mainEntityOfPage\":{\"@id\":\"https:\/\/gren.com\/lv\/jaunumi\/aicinam-uz-gren-atverto-durvju-dienas-svetkiem-3\/\"},\"wordCount\":10,\"image\":{\"@id\":\"https:\/\/gren.com\/lv\/jaunumi\/aicinam-uz-gren-atverto-durvju-dienas-svetkiem-3\/#primaryimage\"},\"thumbnailUrl\":\"https:\/\/grenweb01.blob.core.windows.net\/gren-web-prod\/sites\/2\/2024\/05\/Open-Doors-Jelgava-scaled.jpg\",\"articleSection\":[\"Jaunumi\"],\"inLanguage\":\"en-US\"},{\"@type\":\"WebPage\",\"@id\":\"https:\/\/gren.com\/lv\/jaunumi\/aicinam-uz-gren-atverto-durvju-dienas-svetkiem-3\/\",\"url\":\"https:\/\/gren.com\/lv\/jaunumi\/aicinam-uz-gren-atverto-durvju-dienas-svetkiem-3\/\",\"name\":\"Aicin\u0101m uz Gren Atv\u0113rto durvju dienas sv\u0113tkiem! - Gren Latvija\",\"isPartOf\":{\"@id\":\"https:\/\/gren.com\/lv\/#website\"},\"primaryImageOfPage\":{\"@id\":\"https:\/\/gren.com\/lv\/jaunumi\/aicinam-uz-gren-atverto-durvju-dienas-svetkiem-3\/#primaryimage\"},\"image\":{\"@id\":\"https:\/\/gren.com\/lv\/jaunumi\/aicinam-uz-gren-atverto-durvju-dienas-svetkiem-3\/#primaryimage\"},\"thumbnailUrl\":\"https:\/\/grenweb01.blob.core.windows.net\/gren-web-prod\/sites\/2\/2024\/05\/Open-Doors-Jelgava-scaled.jpg\",\"datePublished\":\"2024-05-21T06:15:00+00:00\",\"author\":{\"@id\":\"https:\/\/gren.com\/lv\/#\/schema\/person\/7feccd2c7b506b94ca4222eba1ea7fba\"},\"description\":\"Gaid\u012bsim ciemos jelgavniekus un pils\u0113tas viesus 25. maij\u0101 no plkst. 11:00 \u2013 15:00, lai kop\u0101 svin\u0113tu Jelgavas pils\u0113tas sv\u0113tkus Gren biomasas ko\u0123ener\u0101cijas stacijas Atv\u0113rto durvju dien\u0101!\",\"breadcrumb\":{\"@id\":\"https:\/\/gren.com\/lv\/jaunumi\/aicinam-uz-gren-atverto-durvju-dienas-svetkiem-3\/#breadcrumb\"},\"inLanguage\":\"en-US\",\"potentialAction\":[{\"@type\":\"ReadAction\",\"target\":[\"https:\/\/gren.com\/lv\/jaunumi\/aicinam-uz-gren-atverto-durvju-dienas-svetkiem-3\/\"]}]},{\"@type\":\"ImageObject\",\"inLanguage\":\"en-US\",\"@id\":\"https:\/\/gren.com\/lv\/jaunumi\/aicinam-uz-gren-atverto-durvju-dienas-svetkiem-3\/#primaryimage\",\"url\":\"https:\/\/grenweb01.blob.core.windows.net\/gren-web-prod\/sites\/2\/2024\/05\/Open-Doors-Jelgava-scaled.jpg\",\"contentUrl\":\"https:\/\/grenweb01.blob.core.windows.net\/gren-web-prod\/sites\/2\/2024\/05\/Open-Doors-Jelgava-scaled.jpg\",\"width\":2560,\"height\":1440},{\"@type\":\"BreadcrumbList\",\"@id\":\"https:\/\/gren.com\/lv\/jaunumi\/aicinam-uz-gren-atverto-durvju-dienas-svetkiem-3\/#breadcrumb\",\"itemListElement\":[{\"@type\":\"ListItem\",\"position\":1,\"name\":\"Home\",\"item\":\"https:\/\/gren.com\/lv\/\"},{\"@type\":\"ListItem\",\"position\":2,\"name\":\"Aicin\u0101m uz Gren Atv\u0113rto durvju dienas sv\u0113tkiem!\"}]},{\"@type\":\"WebSite\",\"@id\":\"https:\/\/gren.com\/lv\/#website\",\"url\":\"https:\/\/gren.com\/lv\/\",\"name\":\"Gren Latvija\",\"description\":\"N\u0101kotnes ener\u0123ija top \u0161odien\",\"potentialAction\":[{\"@type\":\"SearchAction\",\"target\":{\"@type\":\"EntryPoint\",\"urlTemplate\":\"https:\/\/gren.com\/lv\/?s={search_term_string}\"},\"query-input\":{\"@type\":\"PropertyValueSpecification\",\"valueRequired\":true,\"valueName\":\"search_term_string\"}}],\"inLanguage\":\"en-US\"},{\"@type\":\"Person\",\"@id\":\"https:\/\/gren.com\/lv\/#\/schema\/person\/7feccd2c7b506b94ca4222eba1ea7fba\",\"name\":\"guntra\"}]}<\/script>\n<!-- \/ Yoast SEO plugin. -->","yoast_head_json":{"title":"Aicin\u0101m uz Gren Atv\u0113rto durvju dienas sv\u0113tkiem! - Gren Latvija","description":"Gaid\u012bsim ciemos jelgavniekus un pils\u0113tas viesus 25. maij\u0101 no plkst. 11:00 \u2013 15:00, lai kop\u0101 svin\u0113tu Jelgavas pils\u0113tas sv\u0113tkus Gren biomasas ko\u0123ener\u0101cijas stacijas Atv\u0113rto durvju dien\u0101!","robots":{"index":"index","follow":"follow","max-snippet":"max-snippet:-1","max-image-preview":"max-image-preview:large","max-video-preview":"max-video-preview:-1"},"canonical":"https:\/\/gren.com\/lv\/jaunumi\/aicinam-uz-gren-atverto-durvju-dienas-svetkiem-3\/","og_locale":"en_US","og_type":"article","og_title":"Aicin\u0101m uz Gren Atv\u0113rto durvju dienas sv\u0113tkiem! - Gren Latvija","og_description":"Gaid\u012bsim ciemos jelgavniekus un pils\u0113tas viesus 25. maij\u0101 no plkst. 11:00 \u2013 15:00, lai kop\u0101 svin\u0113tu Jelgavas pils\u0113tas sv\u0113tkus Gren biomasas ko\u0123ener\u0101cijas stacijas Atv\u0113rto durvju dien\u0101!","og_url":"https:\/\/gren.com\/lv\/jaunumi\/aicinam-uz-gren-atverto-durvju-dienas-svetkiem-3\/","og_site_name":"Gren Latvija","article_published_time":"2024-05-21T06:15:00+00:00","og_image":[{"width":2560,"height":1440,"url":"https:\/\/grenweb01.blob.core.windows.net\/gren-web-prod\/sites\/2\/2024\/05\/Open-Doors-Jelgava-scaled.jpg","type":"image\/jpeg"}],"author":"guntra","twitter_card":"summary_large_image","twitter_misc":{"Written by":"guntra","Est. reading time":"2 minutes"},"schema":{"@context":"https:\/\/schema.org","@graph":[{"@type":"Article","@id":"https:\/\/gren.com\/lv\/jaunumi\/aicinam-uz-gren-atverto-durvju-dienas-svetkiem-3\/#article","isPartOf":{"@id":"https:\/\/gren.com\/lv\/jaunumi\/aicinam-uz-gren-atverto-durvju-dienas-svetkiem-3\/"},"author":{"name":"guntra","@id":"https:\/\/gren.com\/lv\/#\/schema\/person\/7feccd2c7b506b94ca4222eba1ea7fba"},"headline":"Aicin\u0101m uz Gren Atv\u0113rto durvju dienas sv\u0113tkiem!","datePublished":"2024-05-21T06:15:00+00:00","mainEntityOfPage":{"@id":"https:\/\/gren.com\/lv\/jaunumi\/aicinam-uz-gren-atverto-durvju-dienas-svetkiem-3\/"},"wordCount":10,"image":{"@id":"https:\/\/gren.com\/lv\/jaunumi\/aicinam-uz-gren-atverto-durvju-dienas-svetkiem-3\/#primaryimage"},"thumbnailUrl":"https:\/\/grenweb01.blob.core.windows.net\/gren-web-prod\/sites\/2\/2024\/05\/Open-Doors-Jelgava-scaled.jpg","articleSection":["Jaunumi"],"inLanguage":"en-US"},{"@type":"WebPage","@id":"https:\/\/gren.com\/lv\/jaunumi\/aicinam-uz-gren-atverto-durvju-dienas-svetkiem-3\/","url":"https:\/\/gren.com\/lv\/jaunumi\/aicinam-uz-gren-atverto-durvju-dienas-svetkiem-3\/","name":"Aicin\u0101m uz Gren Atv\u0113rto durvju dienas sv\u0113tkiem! - Gren Latvija","isPartOf":{"@id":"https:\/\/gren.com\/lv\/#website"},"primaryImageOfPage":{"@id":"https:\/\/gren.com\/lv\/jaunumi\/aicinam-uz-gren-atverto-durvju-dienas-svetkiem-3\/#primaryimage"},"image":{"@id":"https:\/\/gren.com\/lv\/jaunumi\/aicinam-uz-gren-atverto-durvju-dienas-svetkiem-3\/#primaryimage"},"thumbnailUrl":"https:\/\/grenweb01.blob.core.windows.net\/gren-web-prod\/sites\/2\/2024\/05\/Open-Doors-Jelgava-scaled.jpg","datePublished":"2024-05-21T06:15:00+00:00","author":{"@id":"https:\/\/gren.com\/lv\/#\/schema\/person\/7feccd2c7b506b94ca4222eba1ea7fba"},"description":"Gaid\u012bsim ciemos jelgavniekus un pils\u0113tas viesus 25. maij\u0101 no plkst. 11:00 \u2013 15:00, lai kop\u0101 svin\u0113tu Jelgavas pils\u0113tas sv\u0113tkus Gren biomasas ko\u0123ener\u0101cijas stacijas Atv\u0113rto durvju dien\u0101!","breadcrumb":{"@id":"https:\/\/gren.com\/lv\/jaunumi\/aicinam-uz-gren-atverto-durvju-dienas-svetkiem-3\/#breadcrumb"},"inLanguage":"en-US","potentialAction":[{"@type":"ReadAction","target":["https:\/\/gren.com\/lv\/jaunumi\/aicinam-uz-gren-atverto-durvju-dienas-svetkiem-3\/"]}]},{"@type":"ImageObject","inLanguage":"en-US","@id":"https:\/\/gren.com\/lv\/jaunumi\/aicinam-uz-gren-atverto-durvju-dienas-svetkiem-3\/#primaryimage","url":"https:\/\/grenweb01.blob.core.windows.net\/gren-web-prod\/sites\/2\/2024\/05\/Open-Doors-Jelgava-scaled.jpg","contentUrl":"https:\/\/grenweb01.blob.core.windows.net\/gren-web-prod\/sites\/2\/2024\/05\/Open-Doors-Jelgava-scaled.jpg","width":2560,"height":1440},{"@type":"BreadcrumbList","@id":"https:\/\/gren.com\/lv\/jaunumi\/aicinam-uz-gren-atverto-durvju-dienas-svetkiem-3\/#breadcrumb","itemListElement":[{"@type":"ListItem","position":1,"name":"Home","item":"https:\/\/gren.com\/lv\/"},{"@type":"ListItem","position":2,"name":"Aicin\u0101m uz Gren Atv\u0113rto durvju dienas sv\u0113tkiem!"}]},{"@type":"WebSite","@id":"https:\/\/gren.com\/lv\/#website","url":"https:\/\/gren.com\/lv\/","name":"Gren Latvija","description":"N\u0101kotnes ener\u0123ija top \u0161odien","potentialAction":[{"@type":"SearchAction","target":{"@type":"EntryPoint","urlTemplate":"https:\/\/gren.com\/lv\/?s={search_term_string}"},"query-input":{"@type":"PropertyValueSpecification","valueRequired":true,"valueName":"search_term_string"}}],"inLanguage":"en-US"},{"@type":"Person","@id":"https:\/\/gren.com\/lv\/#\/schema\/person\/7feccd2c7b506b94ca4222eba1ea7fba","name":"guntra"}]}},"_links":{"self":[{"href":"https:\/\/gren.com\/lv\/wp-json\/wp\/v2\/posts\/15445","targetHints":{"allow":["GET"]}}],"collection":[{"href":"https:\/\/gren.com\/lv\/wp-json\/wp\/v2\/posts"}],"about":[{"href":"https:\/\/gren.com\/lv\/wp-json\/wp\/v2\/types\/post"}],"author":[{"embeddable":true,"href":"https:\/\/gren.com\/lv\/wp-json\/wp\/v2\/users\/7"}],"replies":[{"embeddable":true,"href":"https:\/\/gren.com\/lv\/wp-json\/wp\/v2\/comments?post=15445"}],"version-history":[{"count":8,"href":"https:\/\/gren.com\/lv\/wp-json\/wp\/v2\/posts\/15445\/revisions"}],"predecessor-version":[{"id":15456,"href":"https:\/\/gren.com\/lv\/wp-json\/wp\/v2\/posts\/15445\/revisions\/15456"}],"wp:featuredmedia":[{"embeddable":true,"href":"https:\/\/gren.com\/lv\/wp-json\/wp\/v2\/media\/15448"}],"wp:attachment":[{"href":"https:\/\/gren.com\/lv\/wp-json\/wp\/v2\/media?parent=15445"}],"wp:term":[{"taxonomy":"category","embeddable":true,"href":"https:\/\/gren.com\/lv\/wp-json\/wp\/v2\/categories?post=15445"},{"taxonomy":"post_tag","embeddable":true,"href":"https:\/\/gren.com\/lv\/wp-json\/wp\/v2\/tags?post=15445"}],"curies":[{"name":"wp","href":"https:\/\/api.w.org\/{rel}","templated":true}]}}