{"id":18499,"date":"2026-04-23T22:13:39","date_gmt":"2026-04-23T19:13:39","guid":{"rendered":"https:\/\/gren.com\/lv\/?p=18499"},"modified":"2026-04-24T08:28:55","modified_gmt":"2026-04-24T05:28:55","slug":"apkures-sezonu-vel-nevajag-partraukt","status":"publish","type":"post","link":"https:\/\/gren.com\/lv\/jaunumi\/apkures-sezonu-vel-nevajag-partraukt\/","title":{"rendered":"Ar apkures sezonas p\u0101rtrauk\u0161anu v\u0113l nevajadz\u0113tu steigties"},"content":{"rendered":"<style type=\"text\/css\">.page-hero{padding:140px 0 30px;position:relative}.page-hero-content{max-width:300px}.page-hero h4,.page-hero p{font-size:16px;font-weight:400;line-height:24px}.page-hero .date{margin-top:24px;color:#fff;font-size:20px}.page-hero-video-wrap{position:absolute;top:0;left:0;width:100%;height:100%;z-index:-1;overflow:hidden}.page-hero-video{width:100%;height:100%;object-fit:cover}@media(min-width: 576px){.page-hero-content{max-width:850px}}@media(min-width: 992px){.page-hero{padding:210px 0 64px}.page-hero h4,.page-hero p{font-size:24px;line-height:30px}}\n\n\/*# sourceMappingURL=block-page-hero.min.css.map*\/<\/style><section id=\"page-hero-block_a43ea0172fab3beb15d319ce0e6ce15e\" class=\"block page-hero\" style=\"background: url(https:\/\/grenweb01.blob.core.windows.net\/gren-web-prod\/sites\/2\/2023\/02\/adobestock_310394775-scaled-1.jpeg) no-repeat center\/cover\">\n\t<div class=\"container\"  data-block-animate>\n\t\t\t\t\t<div class=\"page-hero-content text-wrap\"  data-animate-part>\n\t\t\t\t<h3><span style=\"color: #540f1a\"><strong>Ar apkures sezonas p\u0101rtrauk\u0161anu v\u0113l nevajadz\u0113tu steigties<\/strong><\/span><\/h3>\n\n                <div class=\"date\">23.04.26<\/div>\t\t\t<\/div>\n\t\t\t<\/div>\n<\/section>\n\n<style type=\"text\/css\">.full-width-written-content p>a{font-weight:700}\n\n\/*# sourceMappingURL=block-full-width-written-content.min.css.map*\/<\/style><section id=\"full-width-written-content-block_92fdbc4eed794a7f774188361b7a798a\" class=\"block full-width-written-content\">\n\t<div class=\"container\" data-block-animate>\n\t\t<div class=\"text-wrap\" data-animate-part><p><strong>Vai tie\u0161\u0101m jau j\u0101atsl\u0113dz apkure? K\u0101p\u0113c pavasar\u012b ar \u0161o l\u0113mumu tom\u0113r nevajadz\u0113tu steigties?<\/strong><\/p>\n<p>Pavasar\u012b, kad dienas k\u013c\u016bst silt\u0101kas, doma par apkures sezonas beig\u0101m \u0161\u0137iet pavisam lo\u0123iska. Daudziem rodas jaut\u0101jums \u2014 k\u0101p\u0113c v\u0113l maks\u0101t par apkuri, ja \u0101r\u0101 jau ir pat\u012bkami silts?<\/p>\n<p>Tom\u0113r realit\u0101t\u0113 Latvijas pavasaris ir vilt\u012bgs. \u0160odien var b\u016bt +15 gr\u0101di un saulains, bet r\u012bt \u2014 auksts v\u0113j\u0161, lietus un nakts temperat\u016bra tuvu nullei. T\u0101p\u0113c l\u0113mumu par apkures sezonas p\u0101rtrauk\u0161anu iesak\u0101m tom\u0113r nopietni apdom\u0101t. Pat ja dienas vid\u016b \u0161\u0137iet, ka apkure vairs nav nepiecie\u0161ama, vakar\u0101 un nakt\u012b situ\u0101cija var b\u016bt pavisam cita.<\/p>\n<p>Steiga \u0161aj\u0101 jaut\u0101jum\u0101 var noz\u012bm\u0113t ne tikai maz\u0101ku komfortu dz\u012bvokl\u012b, bet ar\u012b riskus \u0113kai un papildu probl\u0113mas v\u0113l\u0101k.<\/p>\n<p><strong>Individu\u0101lais siltumpunkts jau dara gudro darbu <\/strong><\/p>\n<p>Daudz\u0101s daudzdz\u012bvok\u013cu m\u0101j\u0101s \u0161odien darbojas individu\u0101lie siltumpunkti jeb ISP. Vienk\u0101r\u0161oti sakot, t\u0101 ir sist\u0113ma, kas pati regul\u0113, cik daudz siltuma m\u0101jai konkr\u0113taj\u0101 br\u012bd\u012b nepiecie\u0161ams.<\/p>\n<p>Tas noz\u012bm\u0113, ka nav t\u0101, ka pavasar\u012b m\u0101ja tiek apsild\u012bta t\u0101pat k\u0101 janv\u0101r\u012b. Ja \u0101r\u0101 k\u013c\u016bst silt\u0101ks, siltumpunkts samazina siltuma padevi. Ja temperat\u016bra vakar\u0101 vai nakt\u012b atkal nokr\u012btas, sist\u0113ma to palielina. Viss notiek autom\u0101tiski, piel\u0101gojoties re\u0101lajiem laika apst\u0101k\u013ciem.<\/p>\n<p><strong>K\u0101p\u0113c piln\u012bga atsl\u0113g\u0161ana nav tas pats, kas maz\u0101ks pat\u0113ri\u0146\u0161<\/strong><\/p>\n<p>Svar\u012bgi saprast: samazin\u0101ts siltuma pat\u0113ri\u0146\u0161 un piln\u012bga apkures atsl\u0113g\u0161ana nav viens un tas pats.<\/p>\n<p>Kam\u0113r individu\u0101lais siltumpunkts darbojas, m\u0101ja joproj\u0101m var sa\u0146emt tik daudz siltuma, cik nepiecie\u0161ams konkr\u0113taj\u0101 br\u012bd\u012b. Tas noz\u012bm\u0113 elast\u012bbu un aizsardz\u012bbu pret p\u0113k\u0161\u0146\u0101m laikapst\u0101k\u013cu izmai\u0146\u0101m.<\/p>\n<p>Savuk\u0101rt, ja apkure tiek piln\u012bb\u0101 p\u0101rtraukta, \u0161\u012bs elast\u012bbas vairs nav. Ja p\u0113c da\u017e\u0101m silt\u0101m dien\u0101m atgrie\u017eas aukstums, telpas atdziest daudz strauj\u0101k, un komforta l\u012bmeni atjaunot uzreiz nav iesp\u0113jams.<\/p>\n<p><strong>Tas nav tikai par komfortu \u2014 tas ir ar\u012b par \u0113kas vesel\u012bbu<\/strong><\/p>\n<p>P\u0101r\u0101k agra apkures p\u0101rtrauk\u0161ana ietekm\u0113 ne tikai to, cik silti vai v\u0113si m\u0113s j\u016btamies m\u0101j\u0101s. T\u0101 var ietekm\u0113t ar\u012b \u0113kas st\u0101vokli kopum\u0101.<\/p>\n<p>Pavasar\u012b m\u0101ju konstrukcijas p\u0113c ziemas v\u0113l ir aukstas. Ja apkure tiek p\u0101rtraukta p\u0101r\u0101k \u0101tri, telpas var atdzist, bet mitrums uzkr\u0101ties uz v\u0113s\u0101k\u0101m virsm\u0101m. Rezult\u0101ts \u2014 liel\u0101ks kondens\u0101ta un pel\u0113juma risks, \u012bpa\u0161i st\u016bros, pie \u0101rsien\u0101m un viet\u0101s ar v\u0101j\u0101ku ventil\u0101ciju.<\/p>\n<p>Ar\u012b b\u016bvkonstrukcij\u0101m nepat\u012bk krasas temperat\u016bras sv\u0101rst\u012bbas. Ilgtermi\u0146\u0101 t\u0101s var ietekm\u0113t \u0113kas tehnisko st\u0101vokli un palielin\u0101t uztur\u0113\u0161anas izmaksas.<\/p>\n<p><strong>Vai agra atsl\u0113g\u0161ana tie\u0161\u0101m noz\u012bm\u0113 liel\u0101ku ietaup\u012bjumu?<\/strong><\/p>\n<p>Pirmaj\u0101 mirkl\u012b var\u0113tu \u0161\u0137ist \u2014 jo \u0101tr\u0101k atsl\u0113dzam apkuri, jo vair\u0101k ietaup\u0101m. Ta\u010du praks\u0113 tas ne vienm\u0113r ir tik vienk\u0101r\u0161i.<\/p>\n<p>Ja m\u0101j\u0101 ir autom\u0101tiskas darb\u012bbas individu\u0101lais siltumpunkts (un Jelgav\u0101 t\u0101di ir praktiski vis\u0101s m\u0101j\u0101s, ko apkalpo Gren), tas jau autom\u0101tiski samazina siltuma pat\u0113ri\u0146u l\u012bdz nepiecie\u0161amajam minimumam. Tas noz\u012bm\u0113, ka pavasar\u012b netiek pat\u0113r\u0113ts lieks siltums tikai t\u0101p\u0113c, ka apkures sist\u0113ma joproj\u0101m str\u0101d\u0101.<\/p>\n<p>Turkl\u0101t iesp\u0113jamo \u012bstermi\u0146a ietaup\u012bjumu j\u0101v\u0113rt\u0113 kop\u0101 ar riskiem. Ja p\u0101r\u0101k agras atsl\u0113g\u0161anas d\u0113\u013c rodas pel\u0113jums, mitruma boj\u0101jumi vai diskomforts, izmaksas v\u0113l\u0101k var b\u016bt liel\u0101kas nek\u0101 \u0161\u0137ietamais ieguvums.<\/p>\n<p><strong>Centraliz\u0113t\u0101 siltumapg\u0101de noz\u012bm\u0113 stabilit\u0101ti<\/strong><\/p>\n<p>Centraliz\u0113t\u0101s siltumapg\u0101des viena no liel\u0101kaj\u0101m priek\u0161roc\u012bb\u0101m ir stabila un profesion\u0101li p\u0101rvald\u012bta apkures sist\u0113ma. T\u0101 ir veidota t\u0101, lai siltumu nodro\u0161in\u0101tu efekt\u012bvi, prognoz\u0113jami un dro\u0161i. Ja \u0161ai sist\u0113mai pievienots ar\u012b autom\u0101tiski regul\u0113jams individu\u0101lais siltumpunkts, ieguvums ir v\u0113l liel\u0101ks \u2014 tiek apvienots komforts, efektivit\u0101te un iesp\u0113ja nep\u0101rmaks\u0101t par nevajadz\u012bgi izlietotu siltumu.<\/p>\n<p><strong>Kad tad ir \u012bstais br\u012bdis p\u0101rtraukt apkuri?<\/strong><\/p>\n<p>\u012as\u0101 atbilde \u2014 tad, kad iest\u0101ju\u0161ies stabili silti laikapst\u0101k\u013ci, nevis tikai da\u017eas siltas dienas. Bet gar\u0101ks skaidrojums b\u016btu ieteikums apkuri pavisam neatsl\u0113gt nevien\u0101 gada period\u0101.<\/p>\n<p>Ja m\u0101j\u0101 darbojas individu\u0101lais siltumpunkts, tas jau autom\u0101tiski piel\u0101go siltuma padevi faktiskajai vajadz\u012bbai. T\u0101p\u0113c daudzos gad\u012bjumos gudr\u0101kais l\u0113mums ir nesteigties un uztic\u0113ties sist\u0113mai, kas rad\u012bta tie\u0161i tam, lai pal\u012bdz\u0113tu saglab\u0101t l\u012bdzsvaru starp komfortu un efektivit\u0101ti.<\/p>\n<p><strong>Svar\u012bgi vienoties ar\u012b par siltuma sadales k\u0101rt\u012bbu<\/strong><\/p>\n<p>L\u012bdztekus l\u0113mumam par apkures sezonas p\u0101rtrauk\u0161anu vai turpin\u0101\u0161anu ir v\u0113l viens b\u016btisks jaut\u0101jums, ko dz\u012bvok\u013cu \u012bpa\u0161niekiem vajadz\u0113tu savlaic\u012bgi sak\u0101rtot \u2014 vieno\u0161an\u0101s par siltuma sadales k\u0101rt\u012bbu m\u0101j\u0101.<\/p>\n<p>Saist\u012bb\u0101 ar alokatoru apr\u0113\u0137inu vasaras period\u0101, dz\u012bvok\u013cu \u012bpa\u0161niekiem b\u016btu j\u0101pie\u0146em atbilsto\u0161s l\u0113mums, un p\u0113c tam ar m\u0101jas p\u0101rvaldnieku par to rakstiski b\u016btu j\u0101inform\u0113 siltumapg\u0101des uz\u0146\u0113mums Gren un j\u0101nodro\u0161ina nepiecie\u0161am\u0101 datu apmai\u0146a.<\/p>\n<p>Ar\u012b taj\u0101s m\u0101j\u0101s, kur siltuma sadale nenotiek ar alokatoru pal\u012bdz\u012bbu, dz\u012bvok\u013cu \u012bpa\u0161niekiem ir savstarp\u0113ji j\u0101vienojas, k\u0101 tiks sadal\u012btas izmaksas vasaras period\u0101 \u2014 piem\u0113ram, par apkuri vai karst\u0101 \u016bdens cirkul\u0101ciju.<\/p>\n<p>Lai l\u0113mums b\u016btu korekts un juridiski pamatots, tas ir j\u0101organiz\u0113 un j\u0101pie\u0146em atbilsto\u0161i sp\u0113k\u0101 eso\u0161ajiem normat\u012bvajiem aktiem, tostarp Dz\u012bvok\u013ca \u012bpa\u0161uma likumam un citiem saisto\u0161ajiem regul\u0113jumiem. Skaidri pie\u0146emts un ofici\u0101li noform\u0113ts l\u0113mums pal\u012bdz izvair\u012bties no p\u0101rpratumiem un nodro\u0161ina sak\u0101rtotu sadarb\u012bbu starp dz\u012bvok\u013cu \u012bpa\u0161niekiem, p\u0101rvaldnieku un siltumapg\u0101des pakalpojuma sniedz\u0113ju, uz\u0146\u0113mumu Gren.<\/p>\n<p>Paldies visiem par veiksm\u012bgo sadarb\u012bbu!<\/p>\n<p>&nbsp;<\/p>\n<p>&nbsp;<\/p>\n<\/div>\t<\/div>\n<\/section>","protected":false},"excerpt":{"rendered":"","protected":false},"author":6,"featured_media":0,"comment_status":"closed","ping_status":"closed","sticky":false,"template":"","format":"standard","meta":{"_acf_changed":false,"footnotes":""},"categories":[1],"tags":[],"class_list":["post-18499","post","type-post","status-publish","format-standard","hentry","category-jaunumi"],"acf":[],"yoast_head":"<!-- This site is optimized with the Yoast SEO plugin v26.8 - https:\/\/yoast.com\/product\/yoast-seo-wordpress\/ -->\n<title>Ar apkures sezonas p\u0101rtrauk\u0161anu v\u0113l nevajadz\u0113tu steigties - Gren Latvija<\/title>\n<meta name=\"description\" content=\"Pavasar\u012b, kad dienas k\u013c\u016bst silt\u0101kas, daudziem rodas jaut\u0101jums \u2014 k\u0101p\u0113c v\u0113l maks\u0101t par apkuri, ja \u0101r\u0101 jau ir pat\u012bkami silts? Steiga \u0161aj\u0101 jaut\u0101jum\u0101 var noz\u012bm\u0113t ne tikai maz\u0101ku komfortu dz\u012bvokl\u012b, bet ar\u012b riskus \u0113kai un papildu probl\u0113mas v\u0113l\u0101k.\" \/>\n<meta name=\"robots\" content=\"index, follow, max-snippet:-1, max-image-preview:large, max-video-preview:-1\" \/>\n<link rel=\"canonical\" href=\"https:\/\/gren.com\/lv\/jaunumi\/apkures-sezonu-vel-nevajag-partraukt\/\" \/>\n<meta property=\"og:locale\" content=\"en_US\" \/>\n<meta property=\"og:type\" content=\"article\" \/>\n<meta property=\"og:title\" content=\"Ar apkures sezonas p\u0101rtrauk\u0161anu v\u0113l nevajadz\u0113tu steigties - Gren Latvija\" \/>\n<meta property=\"og:description\" content=\"Pavasar\u012b, kad dienas k\u013c\u016bst silt\u0101kas, daudziem rodas jaut\u0101jums \u2014 k\u0101p\u0113c v\u0113l maks\u0101t par apkuri, ja \u0101r\u0101 jau ir pat\u012bkami silts? Steiga \u0161aj\u0101 jaut\u0101jum\u0101 var noz\u012bm\u0113t ne tikai maz\u0101ku komfortu dz\u012bvokl\u012b, bet ar\u012b riskus \u0113kai un papildu probl\u0113mas v\u0113l\u0101k.\" \/>\n<meta property=\"og:url\" content=\"https:\/\/gren.com\/lv\/jaunumi\/apkures-sezonu-vel-nevajag-partraukt\/\" \/>\n<meta property=\"og:site_name\" content=\"Gren Latvija\" \/>\n<meta property=\"article:published_time\" content=\"2026-04-23T19:13:39+00:00\" \/>\n<meta property=\"article:modified_time\" content=\"2026-04-24T05:28:55+00:00\" \/>\n<meta name=\"author\" content=\"solvita\" \/>\n<meta name=\"twitter:card\" content=\"summary_large_image\" \/>\n<meta name=\"twitter:label1\" content=\"Written by\" \/>\n\t<meta name=\"twitter:data1\" content=\"solvita\" \/>\n\t<meta name=\"twitter:label2\" content=\"Est. reading time\" \/>\n\t<meta name=\"twitter:data2\" content=\"4 minutes\" \/>\n<script type=\"application\/ld+json\" class=\"yoast-schema-graph\">{\"@context\":\"https:\/\/schema.org\",\"@graph\":[{\"@type\":\"Article\",\"@id\":\"https:\/\/gren.com\/lv\/jaunumi\/apkures-sezonu-vel-nevajag-partraukt\/#article\",\"isPartOf\":{\"@id\":\"https:\/\/gren.com\/lv\/jaunumi\/apkures-sezonu-vel-nevajag-partraukt\/\"},\"author\":{\"name\":\"solvita\",\"@id\":\"https:\/\/gren.com\/lv\/#\/schema\/person\/086fb82be80cb2c437e5f68e65013c80\"},\"headline\":\"Ar apkures sezonas p\u0101rtrauk\u0161anu v\u0113l nevajadz\u0113tu steigties\",\"datePublished\":\"2026-04-23T19:13:39+00:00\",\"dateModified\":\"2026-04-24T05:28:55+00:00\",\"mainEntityOfPage\":{\"@id\":\"https:\/\/gren.com\/lv\/jaunumi\/apkures-sezonu-vel-nevajag-partraukt\/\"},\"wordCount\":11,\"articleSection\":[\"Jaunumi\"],\"inLanguage\":\"en-US\"},{\"@type\":\"WebPage\",\"@id\":\"https:\/\/gren.com\/lv\/jaunumi\/apkures-sezonu-vel-nevajag-partraukt\/\",\"url\":\"https:\/\/gren.com\/lv\/jaunumi\/apkures-sezonu-vel-nevajag-partraukt\/\",\"name\":\"Ar apkures sezonas p\u0101rtrauk\u0161anu v\u0113l nevajadz\u0113tu steigties - Gren Latvija\",\"isPartOf\":{\"@id\":\"https:\/\/gren.com\/lv\/#website\"},\"datePublished\":\"2026-04-23T19:13:39+00:00\",\"dateModified\":\"2026-04-24T05:28:55+00:00\",\"author\":{\"@id\":\"https:\/\/gren.com\/lv\/#\/schema\/person\/086fb82be80cb2c437e5f68e65013c80\"},\"description\":\"Pavasar\u012b, kad dienas k\u013c\u016bst silt\u0101kas, daudziem rodas jaut\u0101jums \u2014 k\u0101p\u0113c v\u0113l maks\u0101t par apkuri, ja \u0101r\u0101 jau ir pat\u012bkami silts? Steiga \u0161aj\u0101 jaut\u0101jum\u0101 var noz\u012bm\u0113t ne tikai maz\u0101ku komfortu dz\u012bvokl\u012b, bet ar\u012b riskus \u0113kai un papildu probl\u0113mas v\u0113l\u0101k.\",\"breadcrumb\":{\"@id\":\"https:\/\/gren.com\/lv\/jaunumi\/apkures-sezonu-vel-nevajag-partraukt\/#breadcrumb\"},\"inLanguage\":\"en-US\",\"potentialAction\":[{\"@type\":\"ReadAction\",\"target\":[\"https:\/\/gren.com\/lv\/jaunumi\/apkures-sezonu-vel-nevajag-partraukt\/\"]}]},{\"@type\":\"BreadcrumbList\",\"@id\":\"https:\/\/gren.com\/lv\/jaunumi\/apkures-sezonu-vel-nevajag-partraukt\/#breadcrumb\",\"itemListElement\":[{\"@type\":\"ListItem\",\"position\":1,\"name\":\"Home\",\"item\":\"https:\/\/gren.com\/lv\/\"},{\"@type\":\"ListItem\",\"position\":2,\"name\":\"Ar apkures sezonas p\u0101rtrauk\u0161anu v\u0113l nevajadz\u0113tu steigties\"}]},{\"@type\":\"WebSite\",\"@id\":\"https:\/\/gren.com\/lv\/#website\",\"url\":\"https:\/\/gren.com\/lv\/\",\"name\":\"Gren Latvija\",\"description\":\"N\u0101kotnes ener\u0123ija top \u0161odien\",\"potentialAction\":[{\"@type\":\"SearchAction\",\"target\":{\"@type\":\"EntryPoint\",\"urlTemplate\":\"https:\/\/gren.com\/lv\/?s={search_term_string}\"},\"query-input\":{\"@type\":\"PropertyValueSpecification\",\"valueRequired\":true,\"valueName\":\"search_term_string\"}}],\"inLanguage\":\"en-US\"},{\"@type\":\"Person\",\"@id\":\"https:\/\/gren.com\/lv\/#\/schema\/person\/086fb82be80cb2c437e5f68e65013c80\",\"name\":\"solvita\"}]}<\/script>\n<!-- \/ Yoast SEO plugin. -->","yoast_head_json":{"title":"Ar apkures sezonas p\u0101rtrauk\u0161anu v\u0113l nevajadz\u0113tu steigties - Gren Latvija","description":"Pavasar\u012b, kad dienas k\u013c\u016bst silt\u0101kas, daudziem rodas jaut\u0101jums \u2014 k\u0101p\u0113c v\u0113l maks\u0101t par apkuri, ja \u0101r\u0101 jau ir pat\u012bkami silts? Steiga \u0161aj\u0101 jaut\u0101jum\u0101 var noz\u012bm\u0113t ne tikai maz\u0101ku komfortu dz\u012bvokl\u012b, bet ar\u012b riskus \u0113kai un papildu probl\u0113mas v\u0113l\u0101k.","robots":{"index":"index","follow":"follow","max-snippet":"max-snippet:-1","max-image-preview":"max-image-preview:large","max-video-preview":"max-video-preview:-1"},"canonical":"https:\/\/gren.com\/lv\/jaunumi\/apkures-sezonu-vel-nevajag-partraukt\/","og_locale":"en_US","og_type":"article","og_title":"Ar apkures sezonas p\u0101rtrauk\u0161anu v\u0113l nevajadz\u0113tu steigties - Gren Latvija","og_description":"Pavasar\u012b, kad dienas k\u013c\u016bst silt\u0101kas, daudziem rodas jaut\u0101jums \u2014 k\u0101p\u0113c v\u0113l maks\u0101t par apkuri, ja \u0101r\u0101 jau ir pat\u012bkami silts? Steiga \u0161aj\u0101 jaut\u0101jum\u0101 var noz\u012bm\u0113t ne tikai maz\u0101ku komfortu dz\u012bvokl\u012b, bet ar\u012b riskus \u0113kai un papildu probl\u0113mas v\u0113l\u0101k.","og_url":"https:\/\/gren.com\/lv\/jaunumi\/apkures-sezonu-vel-nevajag-partraukt\/","og_site_name":"Gren Latvija","article_published_time":"2026-04-23T19:13:39+00:00","article_modified_time":"2026-04-24T05:28:55+00:00","author":"solvita","twitter_card":"summary_large_image","twitter_misc":{"Written by":"solvita","Est. reading time":"4 minutes"},"schema":{"@context":"https:\/\/schema.org","@graph":[{"@type":"Article","@id":"https:\/\/gren.com\/lv\/jaunumi\/apkures-sezonu-vel-nevajag-partraukt\/#article","isPartOf":{"@id":"https:\/\/gren.com\/lv\/jaunumi\/apkures-sezonu-vel-nevajag-partraukt\/"},"author":{"name":"solvita","@id":"https:\/\/gren.com\/lv\/#\/schema\/person\/086fb82be80cb2c437e5f68e65013c80"},"headline":"Ar apkures sezonas p\u0101rtrauk\u0161anu v\u0113l nevajadz\u0113tu steigties","datePublished":"2026-04-23T19:13:39+00:00","dateModified":"2026-04-24T05:28:55+00:00","mainEntityOfPage":{"@id":"https:\/\/gren.com\/lv\/jaunumi\/apkures-sezonu-vel-nevajag-partraukt\/"},"wordCount":11,"articleSection":["Jaunumi"],"inLanguage":"en-US"},{"@type":"WebPage","@id":"https:\/\/gren.com\/lv\/jaunumi\/apkures-sezonu-vel-nevajag-partraukt\/","url":"https:\/\/gren.com\/lv\/jaunumi\/apkures-sezonu-vel-nevajag-partraukt\/","name":"Ar apkures sezonas p\u0101rtrauk\u0161anu v\u0113l nevajadz\u0113tu steigties - Gren Latvija","isPartOf":{"@id":"https:\/\/gren.com\/lv\/#website"},"datePublished":"2026-04-23T19:13:39+00:00","dateModified":"2026-04-24T05:28:55+00:00","author":{"@id":"https:\/\/gren.com\/lv\/#\/schema\/person\/086fb82be80cb2c437e5f68e65013c80"},"description":"Pavasar\u012b, kad dienas k\u013c\u016bst silt\u0101kas, daudziem rodas jaut\u0101jums \u2014 k\u0101p\u0113c v\u0113l maks\u0101t par apkuri, ja \u0101r\u0101 jau ir pat\u012bkami silts? Steiga \u0161aj\u0101 jaut\u0101jum\u0101 var noz\u012bm\u0113t ne tikai maz\u0101ku komfortu dz\u012bvokl\u012b, bet ar\u012b riskus \u0113kai un papildu probl\u0113mas v\u0113l\u0101k.","breadcrumb":{"@id":"https:\/\/gren.com\/lv\/jaunumi\/apkures-sezonu-vel-nevajag-partraukt\/#breadcrumb"},"inLanguage":"en-US","potentialAction":[{"@type":"ReadAction","target":["https:\/\/gren.com\/lv\/jaunumi\/apkures-sezonu-vel-nevajag-partraukt\/"]}]},{"@type":"BreadcrumbList","@id":"https:\/\/gren.com\/lv\/jaunumi\/apkures-sezonu-vel-nevajag-partraukt\/#breadcrumb","itemListElement":[{"@type":"ListItem","position":1,"name":"Home","item":"https:\/\/gren.com\/lv\/"},{"@type":"ListItem","position":2,"name":"Ar apkures sezonas p\u0101rtrauk\u0161anu v\u0113l nevajadz\u0113tu steigties"}]},{"@type":"WebSite","@id":"https:\/\/gren.com\/lv\/#website","url":"https:\/\/gren.com\/lv\/","name":"Gren Latvija","description":"N\u0101kotnes ener\u0123ija top \u0161odien","potentialAction":[{"@type":"SearchAction","target":{"@type":"EntryPoint","urlTemplate":"https:\/\/gren.com\/lv\/?s={search_term_string}"},"query-input":{"@type":"PropertyValueSpecification","valueRequired":true,"valueName":"search_term_string"}}],"inLanguage":"en-US"},{"@type":"Person","@id":"https:\/\/gren.com\/lv\/#\/schema\/person\/086fb82be80cb2c437e5f68e65013c80","name":"solvita"}]}},"_links":{"self":[{"href":"https:\/\/gren.com\/lv\/wp-json\/wp\/v2\/posts\/18499","targetHints":{"allow":["GET"]}}],"collection":[{"href":"https:\/\/gren.com\/lv\/wp-json\/wp\/v2\/posts"}],"about":[{"href":"https:\/\/gren.com\/lv\/wp-json\/wp\/v2\/types\/post"}],"author":[{"embeddable":true,"href":"https:\/\/gren.com\/lv\/wp-json\/wp\/v2\/users\/6"}],"replies":[{"embeddable":true,"href":"https:\/\/gren.com\/lv\/wp-json\/wp\/v2\/comments?post=18499"}],"version-history":[{"count":4,"href":"https:\/\/gren.com\/lv\/wp-json\/wp\/v2\/posts\/18499\/revisions"}],"predecessor-version":[{"id":18507,"href":"https:\/\/gren.com\/lv\/wp-json\/wp\/v2\/posts\/18499\/revisions\/18507"}],"wp:attachment":[{"href":"https:\/\/gren.com\/lv\/wp-json\/wp\/v2\/media?parent=18499"}],"wp:term":[{"taxonomy":"category","embeddable":true,"href":"https:\/\/gren.com\/lv\/wp-json\/wp\/v2\/categories?post=18499"},{"taxonomy":"post_tag","embeddable":true,"href":"https:\/\/gren.com\/lv\/wp-json\/wp\/v2\/tags?post=18499"}],"curies":[{"name":"wp","href":"https:\/\/api.w.org\/{rel}","templated":true}]}}