{"id":9992,"date":"2021-11-08T13:10:00","date_gmt":"2021-11-08T11:10:00","guid":{"rendered":"https:\/\/web-staging.gren.com\/lat\/?p=9992"},"modified":"2023-12-14T14:08:38","modified_gmt":"2023-12-14T12:08:38","slug":"ilkka-niiranen-sak-pildit-gren-galvena-izpilddirektora-pienakumus","status":"publish","type":"post","link":"https:\/\/gren.com\/lv\/jaunumi\/ilkka-niiranen-sak-pildit-gren-galvena-izpilddirektora-pienakumus\/","title":{"rendered":"Ilkka Niiranen s\u0101k pild\u012bt Gren galven\u0101 izpilddirektora pien\u0101kumus"},"content":{"rendered":"<style type=\"text\/css\">.page-hero{padding:140px 0 30px;position:relative}.page-hero-content{max-width:300px}.page-hero h4,.page-hero p{font-size:16px;font-weight:400;line-height:24px}.page-hero .date{margin-top:24px;color:#fff;font-size:20px}.page-hero-video-wrap{position:absolute;top:0;left:0;width:100%;height:100%;z-index:-1;overflow:hidden}.page-hero-video{width:100%;height:100%;object-fit:cover}@media(min-width: 576px){.page-hero-content{max-width:850px}}@media(min-width: 992px){.page-hero{padding:210px 0 64px}.page-hero h4,.page-hero p{font-size:24px;line-height:30px}}\n\n\/*# sourceMappingURL=block-page-hero.min.css.map*\/<\/style><section id=\"page-hero-block_7300ac5aaac0614fb0b5d41cda880114\" class=\"block page-hero\" style=\"background: url(https:\/\/grenweb01.blob.core.windows.net\/gren-web-prod\/sites\/2\/2023\/11\/hero-bg.jpg) no-repeat center\/cover\">\n\t<div class=\"container\"  data-block-animate>\n\t\t\t\t\t<div class=\"page-hero-content text-wrap\"  data-animate-part>\n\t\t\t\t<h1><span style=\"color: #ffffff;\">Ilkka Niiranen s\u0101k pild\u012bt Gren galven\u0101 izpilddirektora pien\u0101kumus<\/span><\/h1>\n\n                <div class=\"date\">08.11.21<\/div>\t\t\t<\/div>\n\t\t\t<\/div>\n<\/section>\n\n<style type=\"text\/css\">.full-width-written-content p>a{font-weight:700}\n\n\/*# sourceMappingURL=block-full-width-written-content.min.css.map*\/<\/style><section id=\"full-width-written-content-block_c7a14478e0b0a80beb811bd6ca20386c\" class=\"block full-width-written-content\">\n\t<div class=\"container\" data-block-animate>\n\t\t<div class=\"text-wrap\" data-animate-part><p>No \u0161odienas, 2021. gada 8. novembra, Ilka N\u012branens (Ilkka Niiranen) s\u0101k pild\u012bt Gren \u2013 vado\u0161\u0101 Zieme\u013ceiropas za\u013c\u0101s ener\u0123ijas uz\u0146\u0113muma, galven\u0101 izpilddirektora pien\u0101kumus. \u0160aj\u0101 amat\u0101 vi\u0146\u0161 tika iecelts 2021. gada 8. j\u016blij\u0101.<\/p>\n<p>P\u0113d\u0113jos 10 gadus Ilka N\u012branens str\u0101d\u0101jis Adven Group, kur ie\u0146\u0113mis da\u017e\u0101dus vado\u0161os amatus, tostarp bijis uz\u0146\u0113muma galvenais izpilddirektors Zviedrij\u0101 un Norv\u0113\u0123ij\u0101. Ilkam N\u012branenam ir liela pieredze centraliz\u0113t\u0101j\u0101 siltumapg\u0101d\u0113 un aukstumapg\u0101d\u0113, elektroener\u0123ijas ra\u017eo\u0161an\u0101 un ener\u0123ijas risin\u0101jumos r\u016bpnieciskajiem klientiem, kuros vi\u0146\u0161 ir bijis atbild\u012bgs par p\u0101rdo\u0161anas un invest\u012bciju projektiem. Ilkam N\u012branenam ir pieredze ar\u012b uz\u0146\u0113mumu apvieno\u0161an\u0101, ieg\u0101d\u0113, atdal\u012b\u0161an\u0101 un integr\u0113\u0161an\u0101.<\/p>\n<p>Mati Viljo (Matti Viljo), Gren valdes priek\u0161s\u0113d\u0113t\u0101js, priec\u0101jas par Ilkas N\u012branena pievieno\u0161anos Gren komandai: \u201cTuvojas br\u012bdis, kad 2022. gada s\u0101kum\u0101 m\u0113s k\u013c\u016bsim par piln\u012bgi neatkar\u012bgu uz\u0146\u0113mumu. Es sagaidu, ka Ilkam b\u016bs noz\u012bm\u012bga loma Gren strat\u0113\u0123ijas izstr\u0101d\u0113, kura b\u016bs balst\u012bta ne tikai uz \u0161\u0101 br\u012b\u017ea Gren sp\u0113c\u012bgo biznesa platformu, bet ietvers ar\u012b jaunus un interesantus izaugsmes elementus, kas sekm\u0113s Gren att\u012bst\u012bbu un k\u013c\u016b\u0161anu par neatkar\u012bgu, uz klientiem orient\u0113tu ener\u0123ijas ieguves risin\u0101jumu pied\u0101v\u0101t\u0101ju m\u0101jsaimniec\u012bb\u0101m un r\u016bpnieciskajiem klientiem.\u201d<\/p>\n<p>Ilka N\u012branens, koment\u0113jot savus st\u0101\u0161anos amat\u0101, saka: \u201cJ\u016btos pagodin\u0101ts uz\u0146emties atbild\u012bbu vad\u012bt \u0161\u012b lielisk\u0101 uz\u0146\u0113muma att\u012bst\u012bbu. Ar nepaciet\u012bbu gaidu tik\u0161anos ar Gren profesion\u0101lo komandu, lai uzs\u0101ktu kop\u012bgu darbu. \u0160is b\u016bs interesants laiks, kur\u0101 m\u0113s k\u013c\u016bsim par piln\u012bb\u0101 neatkar\u012bgu vado\u0161o Zieme\u013cvalstu za\u013c\u0101s ener\u0123ijas uz\u0146\u0113mumu.\u201d<\/p>\n<p>Ilka N\u012branens ir stud\u0113jis ener\u0123\u0113tikas tirgus, strat\u0113\u0123iju un starptautisko biznesu Helsinku Tehnolo\u0123iju universit\u0101t\u0113 un ieguvis zin\u0101t\u0146u ma\u0123istra gr\u0101du tehnolo\u0123ij\u0101s.<\/p>\n<\/div>\t<\/div>\n<\/section>","protected":false},"excerpt":{"rendered":"","protected":false},"author":1,"featured_media":2455,"comment_status":"closed","ping_status":"closed","sticky":false,"template":"","format":"standard","meta":{"_acf_changed":false,"footnotes":""},"categories":[1],"tags":[],"class_list":["post-9992","post","type-post","status-publish","format-standard","has-post-thumbnail","hentry","category-jaunumi"],"acf":[],"yoast_head":"<!-- This site is optimized with the Yoast SEO plugin v26.8 - https:\/\/yoast.com\/product\/yoast-seo-wordpress\/ -->\n<title>Ilkka Niiranen s\u0101k pild\u012bt Gren galven\u0101 izpilddirektora pien\u0101kumus - Gren Latvija<\/title>\n<meta name=\"robots\" content=\"index, follow, max-snippet:-1, max-image-preview:large, max-video-preview:-1\" \/>\n<link rel=\"canonical\" href=\"https:\/\/gren.com\/lv\/jaunumi\/ilkka-niiranen-sak-pildit-gren-galvena-izpilddirektora-pienakumus\/\" \/>\n<meta property=\"og:locale\" content=\"en_US\" \/>\n<meta property=\"og:type\" content=\"article\" \/>\n<meta property=\"og:title\" content=\"Ilkka Niiranen s\u0101k pild\u012bt Gren galven\u0101 izpilddirektora pien\u0101kumus - Gren Latvija\" \/>\n<meta property=\"og:url\" content=\"https:\/\/gren.com\/lv\/jaunumi\/ilkka-niiranen-sak-pildit-gren-galvena-izpilddirektora-pienakumus\/\" \/>\n<meta property=\"og:site_name\" content=\"Gren Latvija\" \/>\n<meta property=\"article:published_time\" content=\"2021-11-08T11:10:00+00:00\" \/>\n<meta property=\"article:modified_time\" content=\"2023-12-14T12:08:38+00:00\" \/>\n<meta property=\"og:image\" content=\"https:\/\/grenweb01.blob.core.windows.net\/gren-web-prod\/sites\/2\/2021\/07\/ilkka-niiranen-e1643734148215.jpg\" \/>\n\t<meta property=\"og:image:width\" content=\"2000\" \/>\n\t<meta property=\"og:image:height\" content=\"1125\" \/>\n\t<meta property=\"og:image:type\" content=\"image\/jpeg\" \/>\n<meta name=\"author\" content=\"Cube Agency\" \/>\n<meta name=\"twitter:card\" content=\"summary_large_image\" \/>\n<meta name=\"twitter:label1\" content=\"Written by\" \/>\n\t<meta name=\"twitter:data1\" content=\"Cube Agency\" \/>\n\t<meta name=\"twitter:label2\" content=\"Est. reading time\" \/>\n\t<meta name=\"twitter:data2\" content=\"2 minutes\" \/>\n<script type=\"application\/ld+json\" class=\"yoast-schema-graph\">{\"@context\":\"https:\/\/schema.org\",\"@graph\":[{\"@type\":\"Article\",\"@id\":\"https:\/\/gren.com\/lv\/jaunumi\/ilkka-niiranen-sak-pildit-gren-galvena-izpilddirektora-pienakumus\/#article\",\"isPartOf\":{\"@id\":\"https:\/\/gren.com\/lv\/jaunumi\/ilkka-niiranen-sak-pildit-gren-galvena-izpilddirektora-pienakumus\/\"},\"author\":{\"name\":\"Cube Agency\",\"@id\":\"https:\/\/gren.com\/lv\/#\/schema\/person\/8276b967e07735ec4ab09394763c839f\"},\"headline\":\"Ilkka Niiranen s\u0101k pild\u012bt Gren galven\u0101 izpilddirektora pien\u0101kumus\",\"datePublished\":\"2021-11-08T11:10:00+00:00\",\"dateModified\":\"2023-12-14T12:08:38+00:00\",\"mainEntityOfPage\":{\"@id\":\"https:\/\/gren.com\/lv\/jaunumi\/ilkka-niiranen-sak-pildit-gren-galvena-izpilddirektora-pienakumus\/\"},\"wordCount\":11,\"image\":{\"@id\":\"https:\/\/gren.com\/lv\/jaunumi\/ilkka-niiranen-sak-pildit-gren-galvena-izpilddirektora-pienakumus\/#primaryimage\"},\"thumbnailUrl\":\"https:\/\/grenweb01.blob.core.windows.net\/gren-web-prod\/sites\/2\/2021\/07\/ilkka-niiranen-e1643734148215.jpg\",\"articleSection\":[\"Jaunumi\"],\"inLanguage\":\"en-US\"},{\"@type\":\"WebPage\",\"@id\":\"https:\/\/gren.com\/lv\/jaunumi\/ilkka-niiranen-sak-pildit-gren-galvena-izpilddirektora-pienakumus\/\",\"url\":\"https:\/\/gren.com\/lv\/jaunumi\/ilkka-niiranen-sak-pildit-gren-galvena-izpilddirektora-pienakumus\/\",\"name\":\"Ilkka Niiranen s\u0101k pild\u012bt Gren galven\u0101 izpilddirektora pien\u0101kumus - Gren Latvija\",\"isPartOf\":{\"@id\":\"https:\/\/gren.com\/lv\/#website\"},\"primaryImageOfPage\":{\"@id\":\"https:\/\/gren.com\/lv\/jaunumi\/ilkka-niiranen-sak-pildit-gren-galvena-izpilddirektora-pienakumus\/#primaryimage\"},\"image\":{\"@id\":\"https:\/\/gren.com\/lv\/jaunumi\/ilkka-niiranen-sak-pildit-gren-galvena-izpilddirektora-pienakumus\/#primaryimage\"},\"thumbnailUrl\":\"https:\/\/grenweb01.blob.core.windows.net\/gren-web-prod\/sites\/2\/2021\/07\/ilkka-niiranen-e1643734148215.jpg\",\"datePublished\":\"2021-11-08T11:10:00+00:00\",\"dateModified\":\"2023-12-14T12:08:38+00:00\",\"author\":{\"@id\":\"https:\/\/gren.com\/lv\/#\/schema\/person\/8276b967e07735ec4ab09394763c839f\"},\"breadcrumb\":{\"@id\":\"https:\/\/gren.com\/lv\/jaunumi\/ilkka-niiranen-sak-pildit-gren-galvena-izpilddirektora-pienakumus\/#breadcrumb\"},\"inLanguage\":\"en-US\",\"potentialAction\":[{\"@type\":\"ReadAction\",\"target\":[\"https:\/\/gren.com\/lv\/jaunumi\/ilkka-niiranen-sak-pildit-gren-galvena-izpilddirektora-pienakumus\/\"]}]},{\"@type\":\"ImageObject\",\"inLanguage\":\"en-US\",\"@id\":\"https:\/\/gren.com\/lv\/jaunumi\/ilkka-niiranen-sak-pildit-gren-galvena-izpilddirektora-pienakumus\/#primaryimage\",\"url\":\"https:\/\/grenweb01.blob.core.windows.net\/gren-web-prod\/sites\/2\/2021\/07\/ilkka-niiranen-e1643734148215.jpg\",\"contentUrl\":\"https:\/\/grenweb01.blob.core.windows.net\/gren-web-prod\/sites\/2\/2021\/07\/ilkka-niiranen-e1643734148215.jpg\",\"width\":2000,\"height\":1125,\"caption\":\"Ilkka Niiranen\"},{\"@type\":\"BreadcrumbList\",\"@id\":\"https:\/\/gren.com\/lv\/jaunumi\/ilkka-niiranen-sak-pildit-gren-galvena-izpilddirektora-pienakumus\/#breadcrumb\",\"itemListElement\":[{\"@type\":\"ListItem\",\"position\":1,\"name\":\"Home\",\"item\":\"https:\/\/gren.com\/lv\/\"},{\"@type\":\"ListItem\",\"position\":2,\"name\":\"Ilkka Niiranen s\u0101k pild\u012bt Gren galven\u0101 izpilddirektora pien\u0101kumus\"}]},{\"@type\":\"WebSite\",\"@id\":\"https:\/\/gren.com\/lv\/#website\",\"url\":\"https:\/\/gren.com\/lv\/\",\"name\":\"Gren Latvija\",\"description\":\"N\u0101kotnes ener\u0123ija top \u0161odien\",\"potentialAction\":[{\"@type\":\"SearchAction\",\"target\":{\"@type\":\"EntryPoint\",\"urlTemplate\":\"https:\/\/gren.com\/lv\/?s={search_term_string}\"},\"query-input\":{\"@type\":\"PropertyValueSpecification\",\"valueRequired\":true,\"valueName\":\"search_term_string\"}}],\"inLanguage\":\"en-US\"},{\"@type\":\"Person\",\"@id\":\"https:\/\/gren.com\/lv\/#\/schema\/person\/8276b967e07735ec4ab09394763c839f\",\"name\":\"Cube Agency\",\"sameAs\":[\"https:\/\/gren.com\"]}]}<\/script>\n<!-- \/ Yoast SEO plugin. -->","yoast_head_json":{"title":"Ilkka Niiranen s\u0101k pild\u012bt Gren galven\u0101 izpilddirektora pien\u0101kumus - Gren Latvija","robots":{"index":"index","follow":"follow","max-snippet":"max-snippet:-1","max-image-preview":"max-image-preview:large","max-video-preview":"max-video-preview:-1"},"canonical":"https:\/\/gren.com\/lv\/jaunumi\/ilkka-niiranen-sak-pildit-gren-galvena-izpilddirektora-pienakumus\/","og_locale":"en_US","og_type":"article","og_title":"Ilkka Niiranen s\u0101k pild\u012bt Gren galven\u0101 izpilddirektora pien\u0101kumus - Gren Latvija","og_url":"https:\/\/gren.com\/lv\/jaunumi\/ilkka-niiranen-sak-pildit-gren-galvena-izpilddirektora-pienakumus\/","og_site_name":"Gren Latvija","article_published_time":"2021-11-08T11:10:00+00:00","article_modified_time":"2023-12-14T12:08:38+00:00","og_image":[{"width":2000,"height":1125,"url":"https:\/\/grenweb01.blob.core.windows.net\/gren-web-prod\/sites\/2\/2021\/07\/ilkka-niiranen-e1643734148215.jpg","type":"image\/jpeg"}],"author":"Cube Agency","twitter_card":"summary_large_image","twitter_misc":{"Written by":"Cube Agency","Est. reading time":"2 minutes"},"schema":{"@context":"https:\/\/schema.org","@graph":[{"@type":"Article","@id":"https:\/\/gren.com\/lv\/jaunumi\/ilkka-niiranen-sak-pildit-gren-galvena-izpilddirektora-pienakumus\/#article","isPartOf":{"@id":"https:\/\/gren.com\/lv\/jaunumi\/ilkka-niiranen-sak-pildit-gren-galvena-izpilddirektora-pienakumus\/"},"author":{"name":"Cube Agency","@id":"https:\/\/gren.com\/lv\/#\/schema\/person\/8276b967e07735ec4ab09394763c839f"},"headline":"Ilkka Niiranen s\u0101k pild\u012bt Gren galven\u0101 izpilddirektora pien\u0101kumus","datePublished":"2021-11-08T11:10:00+00:00","dateModified":"2023-12-14T12:08:38+00:00","mainEntityOfPage":{"@id":"https:\/\/gren.com\/lv\/jaunumi\/ilkka-niiranen-sak-pildit-gren-galvena-izpilddirektora-pienakumus\/"},"wordCount":11,"image":{"@id":"https:\/\/gren.com\/lv\/jaunumi\/ilkka-niiranen-sak-pildit-gren-galvena-izpilddirektora-pienakumus\/#primaryimage"},"thumbnailUrl":"https:\/\/grenweb01.blob.core.windows.net\/gren-web-prod\/sites\/2\/2021\/07\/ilkka-niiranen-e1643734148215.jpg","articleSection":["Jaunumi"],"inLanguage":"en-US"},{"@type":"WebPage","@id":"https:\/\/gren.com\/lv\/jaunumi\/ilkka-niiranen-sak-pildit-gren-galvena-izpilddirektora-pienakumus\/","url":"https:\/\/gren.com\/lv\/jaunumi\/ilkka-niiranen-sak-pildit-gren-galvena-izpilddirektora-pienakumus\/","name":"Ilkka Niiranen s\u0101k pild\u012bt Gren galven\u0101 izpilddirektora pien\u0101kumus - Gren Latvija","isPartOf":{"@id":"https:\/\/gren.com\/lv\/#website"},"primaryImageOfPage":{"@id":"https:\/\/gren.com\/lv\/jaunumi\/ilkka-niiranen-sak-pildit-gren-galvena-izpilddirektora-pienakumus\/#primaryimage"},"image":{"@id":"https:\/\/gren.com\/lv\/jaunumi\/ilkka-niiranen-sak-pildit-gren-galvena-izpilddirektora-pienakumus\/#primaryimage"},"thumbnailUrl":"https:\/\/grenweb01.blob.core.windows.net\/gren-web-prod\/sites\/2\/2021\/07\/ilkka-niiranen-e1643734148215.jpg","datePublished":"2021-11-08T11:10:00+00:00","dateModified":"2023-12-14T12:08:38+00:00","author":{"@id":"https:\/\/gren.com\/lv\/#\/schema\/person\/8276b967e07735ec4ab09394763c839f"},"breadcrumb":{"@id":"https:\/\/gren.com\/lv\/jaunumi\/ilkka-niiranen-sak-pildit-gren-galvena-izpilddirektora-pienakumus\/#breadcrumb"},"inLanguage":"en-US","potentialAction":[{"@type":"ReadAction","target":["https:\/\/gren.com\/lv\/jaunumi\/ilkka-niiranen-sak-pildit-gren-galvena-izpilddirektora-pienakumus\/"]}]},{"@type":"ImageObject","inLanguage":"en-US","@id":"https:\/\/gren.com\/lv\/jaunumi\/ilkka-niiranen-sak-pildit-gren-galvena-izpilddirektora-pienakumus\/#primaryimage","url":"https:\/\/grenweb01.blob.core.windows.net\/gren-web-prod\/sites\/2\/2021\/07\/ilkka-niiranen-e1643734148215.jpg","contentUrl":"https:\/\/grenweb01.blob.core.windows.net\/gren-web-prod\/sites\/2\/2021\/07\/ilkka-niiranen-e1643734148215.jpg","width":2000,"height":1125,"caption":"Ilkka Niiranen"},{"@type":"BreadcrumbList","@id":"https:\/\/gren.com\/lv\/jaunumi\/ilkka-niiranen-sak-pildit-gren-galvena-izpilddirektora-pienakumus\/#breadcrumb","itemListElement":[{"@type":"ListItem","position":1,"name":"Home","item":"https:\/\/gren.com\/lv\/"},{"@type":"ListItem","position":2,"name":"Ilkka Niiranen s\u0101k pild\u012bt Gren galven\u0101 izpilddirektora pien\u0101kumus"}]},{"@type":"WebSite","@id":"https:\/\/gren.com\/lv\/#website","url":"https:\/\/gren.com\/lv\/","name":"Gren Latvija","description":"N\u0101kotnes ener\u0123ija top \u0161odien","potentialAction":[{"@type":"SearchAction","target":{"@type":"EntryPoint","urlTemplate":"https:\/\/gren.com\/lv\/?s={search_term_string}"},"query-input":{"@type":"PropertyValueSpecification","valueRequired":true,"valueName":"search_term_string"}}],"inLanguage":"en-US"},{"@type":"Person","@id":"https:\/\/gren.com\/lv\/#\/schema\/person\/8276b967e07735ec4ab09394763c839f","name":"Cube Agency","sameAs":["https:\/\/gren.com"]}]}},"_links":{"self":[{"href":"https:\/\/gren.com\/lv\/wp-json\/wp\/v2\/posts\/9992","targetHints":{"allow":["GET"]}}],"collection":[{"href":"https:\/\/gren.com\/lv\/wp-json\/wp\/v2\/posts"}],"about":[{"href":"https:\/\/gren.com\/lv\/wp-json\/wp\/v2\/types\/post"}],"author":[{"embeddable":true,"href":"https:\/\/gren.com\/lv\/wp-json\/wp\/v2\/users\/1"}],"replies":[{"embeddable":true,"href":"https:\/\/gren.com\/lv\/wp-json\/wp\/v2\/comments?post=9992"}],"version-history":[{"count":4,"href":"https:\/\/gren.com\/lv\/wp-json\/wp\/v2\/posts\/9992\/revisions"}],"predecessor-version":[{"id":10418,"href":"https:\/\/gren.com\/lv\/wp-json\/wp\/v2\/posts\/9992\/revisions\/10418"}],"wp:featuredmedia":[{"embeddable":true,"href":"https:\/\/gren.com\/lv\/wp-json\/wp\/v2\/media\/2455"}],"wp:attachment":[{"href":"https:\/\/gren.com\/lv\/wp-json\/wp\/v2\/media?parent=9992"}],"wp:term":[{"taxonomy":"category","embeddable":true,"href":"https:\/\/gren.com\/lv\/wp-json\/wp\/v2\/categories?post=9992"},{"taxonomy":"post_tag","embeddable":true,"href":"https:\/\/gren.com\/lv\/wp-json\/wp\/v2\/tags?post=9992"}],"curies":[{"name":"wp","href":"https:\/\/api.w.org\/{rel}","templated":true}]}}